



{"id":944,"date":"2001-12-19T00:00:00","date_gmt":"2001-12-18T23:00:00","guid":{"rendered":"http:\/\/www.largeur.com\/?p=944"},"modified":"-0001-11-30T00:00:00","modified_gmt":"-0001-11-29T22:00:00","slug":"presse","status":"publish","type":"post","link":"https:\/\/largeur.com\/?p=944","title":{"rendered":"Le Matin s\u2019offre Peter Rothenb\u00fchler"},"content":{"rendered":"<p>\u00abIl est tellement bien que je n\u2019arrive pas \u00e0 y croire!\u00bb Michel Zendali, r\u00e9dacteur en chef du Matin Dimanche, ne parvient pas \u00e0 cacher son admiration. Apr\u00e8s plusieurs mois d\u2019embrouilles, la direction du groupe Edipresse a r\u00e9ussi un joli coup. Elle annoncera jeudi matin officiellement la nomination de Peter Rothenb\u00fchler \u00e0 la r\u00e9daction en chef du Matin.<\/p>\n<p>Parfaitement bilingue, ce Biennois de 51 ans a fait ses armes dans la presse populaire: en onze ans \u00e0 la r\u00e9daction en chef du Schweizer Illustrierte (\u00e9quivalent al\u00e9manique de L\u2019Illustr\u00e9), il a fait monter le tirage de 170&rsquo;000 \u00e0 250&rsquo;000 exemplaires. Son style impertinent et son regard acerbe sur les diff\u00e9rences culturelles de la Suisse se lisent avec d\u00e9lectation dans la chronique qu\u2019il tient, encore pour quelques semaines, dans Le Temps.<\/p>\n<p>Derni\u00e8rement, Peter Rothenb\u00fchler a occup\u00e9 le poste de directeur des programmes de la cha\u00eene priv\u00e9e zurichoise Tele24 avant de retourner chez l\u2019\u00e9diteur Ringier. Il y a d\u00e9velopp\u00e9 un nouveau magazine de consommation de luxe, dont le lancement a \u00e9t\u00e9 retard\u00e9 en raison de la conjoncture, mais qui reste dans les tiroirs. Rothenb\u00fchler dirige actuellement le bimensuel sant\u00e9 Gesundheit Sprechstunde, qui touche 500&rsquo;000 lecteurs.<\/p>\n<p>Compte tenu du d\u00e9lai de r\u00e9siliation de son actuel contrat, ce n\u2019est qu\u2019en mars 2002 qu\u2019il prendra ses fonctions au Matin.<\/p>\n<p>Sa mission ne sera pas facile: le quotidien romand traverse une p\u00e9riode de flou depuis des mois. Au beau milieu de l\u2019\u00e9laboration de la nouvelle formule (demi format), son r\u00e9dacteur en chef Daniel Pillard avait \u00e9t\u00e9 brusquement <a href=http:\/\/largeur.com\/expArt.asp?artID=670>limog\u00e9<\/a>, puis remplac\u00e9 de mani\u00e8re int\u00e9rimaire par le directeur des publications d\u2019Edipresse Suisse Th\u00e9o Bouchat. <\/p>\n<p>\u00abJe suis tr\u00e8s content que l\u2019on ait trouv\u00e9 une solution, dit Th\u00e9o Bouchat. Apr\u00e8s un lancement r\u00e9ussi, la nouvelle formule doit encore \u00e9voluer. Le Matin doit rester un journal populaire de qualit\u00e9 et conserver son identit\u00e9 proche des gens.\u00bb <\/p>\n<p>Compte tenu des difficult\u00e9s connues du poste de r\u00e9dacteur en chef (r\u00e9daction encrout\u00e9e et hostile au changement, baronnies internes, rivalit\u00e9s entre l\u2019\u00e9quipe du dimanche et celle de la semaine), les candidats ne se pressaient pas au portillon. Une seule postulation interne, celle de Denis Pittet, actuel r\u00e9dacteur en chef adjoint du quotidien, restait en lice. <\/p>\n<p>Depuis le lancement de la nouvelle formule en octobre dernier, le tirage du Matin est en l\u00e9g\u00e8re progression. \u00abNous avons augment\u00e9 les ventes de 2000  num\u00e9ros sur les trois derniers mois, pour passer \u00e0 66&rsquo;000 exemplaires\u00bb, poursuit Th\u00e9o Bouchat. <\/p>\n<p>Le Matin Dimanche solidifie quant \u00e0 lui sa position de num\u00e9ro un de la presse romande avec 600&rsquo;000 lecteurs. Son prix passera \u00e0 4 francs en janvier, tandis que son concurrent Dimanche.ch, partenaire de Largeur.com, sera vendu 2 francs. <\/p>\n<p>A Peter Rothenb\u00fchler de d\u00e9cider s\u2019il veut conserver le cloisonnement entre Le Matin semaine et Le Matin Dimanche, ou au contraire unir les deux r\u00e9dactions sous une direction et une culture commune. Dans le sous-sol de la grande tour lausannoise, o\u00f9 se trouve la r\u00e9daction, c\u2019est surtout cette derni\u00e8re option \u2013 qui imposerait un changement de fonctionnement &#8211; que l\u2019on craint\u2026 <\/p>\n","protected":false},"excerpt":{"rendered":"<p>C\u2019est une star de la presse suisse qui dirigera la r\u00e9daction du plus petit quotidien romand. Le journaliste bilingue Peter Rothenb\u00fchler va quitter Zurich pour rejoindre Edipresse<\/p>\n","protected":false},"author":22,"featured_media":0,"comment_status":"open","ping_status":"","sticky":false,"template":"","format":"standard","meta":{"footnotes":""},"categories":[3],"tags":[],"class_list":["post-944","post","type-post","status-publish","format-standard","hentry","category-pop-culture","pop-culture"],"aioseo_notices":[],"_links":{"self":[{"href":"https:\/\/largeur.com\/index.php?rest_route=\/wp\/v2\/posts\/944","targetHints":{"allow":["GET"]}}],"collection":[{"href":"https:\/\/largeur.com\/index.php?rest_route=\/wp\/v2\/posts"}],"about":[{"href":"https:\/\/largeur.com\/index.php?rest_route=\/wp\/v2\/types\/post"}],"author":[{"embeddable":true,"href":"https:\/\/largeur.com\/index.php?rest_route=\/wp\/v2\/users\/22"}],"replies":[{"embeddable":true,"href":"https:\/\/largeur.com\/index.php?rest_route=%2Fwp%2Fv2%2Fcomments&post=944"}],"version-history":[{"count":0,"href":"https:\/\/largeur.com\/index.php?rest_route=\/wp\/v2\/posts\/944\/revisions"}],"wp:attachment":[{"href":"https:\/\/largeur.com\/index.php?rest_route=%2Fwp%2Fv2%2Fmedia&parent=944"}],"wp:term":[{"taxonomy":"category","embeddable":true,"href":"https:\/\/largeur.com\/index.php?rest_route=%2Fwp%2Fv2%2Fcategories&post=944"},{"taxonomy":"post_tag","embeddable":true,"href":"https:\/\/largeur.com\/index.php?rest_route=%2Fwp%2Fv2%2Ftags&post=944"}],"curies":[{"name":"wp","href":"https:\/\/api.w.org\/{rel}","templated":true}]}}