



{"id":87,"date":"1999-05-27T00:00:00","date_gmt":"1999-05-26T22:00:00","guid":{"rendered":"http:\/\/www.largeur.com\/?p=87"},"modified":"-0001-11-30T00:00:00","modified_gmt":"-0001-11-29T22:00:00","slug":"justice","status":"publish","type":"post","link":"https:\/\/largeur.com\/?p=87","title":{"rendered":"L&rsquo;inculpation de Milosevic: un tournant de civilisation"},"content":{"rendered":"<p>Malgr\u00e9 son air emprunt\u00e9, Jacques Chirac avait raison, hier soir, de se r\u00e9jouir de l&rsquo;action ouverte par le Tribunal p\u00e9nal international (TPI) contre Slobodan Milosevic et ses quatre acolytes. Il avait raison de dire que cette action repr\u00e9sente un grand progr\u00e8s du droit et de la conscience universelle. L&rsquo;inculpation d&rsquo;un chef d&rsquo;Etat en exercice par un tribunal international cr\u00e9\u00e9 par les Nations Unies est en effet une premi\u00e8re absolue.<\/p>\n<p>Pour quelqu&rsquo;un de ma g\u00e9n\u00e9ration, celle con\u00e7ue pendant les permissions de la Mob, c&rsquo;est une chose absolument inou\u00efe! Combien de dictateurs repus avons-nous vu passer au fil des ann\u00e9es? Combien de Salazar et de Franco, de Staline et d&rsquo;Ulbricht, d&rsquo;Ahidjo et de Mao, de g\u00e9n\u00e9raux et de colonels morts dans leurs lits entour\u00e9s de l&rsquo;amour de leur proches, de la consid\u00e9ration et du respect de la communaut\u00e9 internationale ?<\/p>\n<p>Milosevic inculp\u00e9! Quel chemin parcouru! N&rsquo;oublions pas qu&rsquo;il y a dix ans \u00e0 peine, la moiti\u00e9 de l&rsquo;Europe \u00e9tait soumise \u00e0 de sinistres dictateurs dont l&rsquo;ineffable Ceausescu est devenu, mais une fois mort seulement, le symbole d\u00e9risoire. Ces gens-l\u00e0 mordaient, tuaient, massacraient, en toute impunit\u00e9, avec la b\u00e9n\u00e9diction de la communaut\u00e9 internationale et de l&rsquo;ONU, qu&rsquo;ils ne manquaient pas de payer pour services rendus.<\/p>\n<p>Et aujourd&rsquo;hui, une femme, juriste avertie et rigoureuse, apr\u00e8s des mois d&rsquo;enqu\u00eates et sans doute des nuits d&rsquo;angoisse, se permet de dire \u00e0 un pr\u00e9sident \u00e9lu (sournoisement \u00e9lu, mais \u00e9lu quand m\u00eame) qui s&rsquo;est mu\u00e9 en dictateur retors et cynique: \u00abMonsieur, je vous accuse de crimes de guerre, de crimes contre l&rsquo;humanit\u00e9 et je peux le prouver. Si vous cherchez des circonstances att\u00e9nuantes, venez \u00e0 La Haye, constituez-vous prisonnier et nous parlerons.\u00bb<\/p>\n<p>C&rsquo;est le monde \u00e0 l&rsquo;envers. Tant mieux.<\/p>\n<p>J&rsquo;y vois un progr\u00e8s colossal du cheminement d\u00e9mocratique. Invent\u00e9e certes par les Grecs, la d\u00e9mocratie n&rsquo;est pas si vieille que cela. Sa mise en pratique, surtout, est des plus r\u00e9centes. Les Etats-Unis, grand mod\u00e8le s&rsquo;il en est, ont tout de m\u00eame pratiqu\u00e9 l&rsquo;apartheid le plus rigoureux envers les Noirs jusqu&rsquo;en 1964. En Suisse, cette ch\u00e8re Suisse, les femmes ne votent que depuis 1971&#8230;<\/p>\n<p>Mais la d\u00e9mocratie, c&rsquo;est surtout, au-del\u00e0 des libert\u00e9s, un savant \u00e9quilibre entre les pouvoirs du gouvernement, du parlement et de la justice. Or, partout, la justice est la cinqui\u00e8me roue du char. Regardez la Corse, regardez l&rsquo;Italie, regardez m\u00eame la Suisse o\u00f9 personne ne saurait juger de la constitutionnalit\u00e9 d&rsquo;une loi. On en finit pas d&rsquo;attendre un vrai troisi\u00e8me pouvoir et voici que, soudain, il appara\u00eet au niveau international. Le mandat d&rsquo;arr\u00eat du TPI contre Milosevic peut para\u00eetre bien fr\u00eale par rapport \u00e0 l&rsquo;\u00e9normit\u00e9 des crimes qu&rsquo;il a commis, \u00e0 la somme des malheurs et des mis\u00e8res qu&rsquo;il a sem\u00e9s, au pouvoir qu&rsquo;il d\u00e9tient. Mais une chose est certaine: l&rsquo;id\u00e9e d&rsquo;un jugement \u00e0 venir ne le quittera plus. Tant mieux.<\/p>\n<p>J&rsquo;y vois aussi le signe d&rsquo;un tournant de civilisation, la concr\u00e9tisation du r\u00eave qu&rsquo;Henry Dunant fit en ce jour de juin 1859 o\u00f9, errant par m\u00e9garde sur le champ de bataille de Solf\u00e9rino pour demander une recommandation afin de faire des affaires en Alg\u00e9rie, il prit conscience de l&rsquo;horreur de la guerre en voyant les bless\u00e9s agoniser sur place, sans soin ni secours. Il d\u00e9cida que, s&rsquo;il n&rsquo;\u00e9tait pas possible d&#8217;emp\u00eacher la guerre, il fallait au moins la civiliser. Il fonda la Croix-Rouge, provoqua l&rsquo;apparition de conventions internationales et le d\u00e9veloppement du droit humanitaire.<\/p>\n<p>Avec le tribunal de Nuremberg, les Am\u00e9ricains firent en 1945 un grand pas de plus en punissant des agresseurs. Il y a quelques mois, les aventures de Pinochet en Angleterre nous signal\u00e8rent un changement de vent. Aujourd&rsquo;hui, avec la mise en cause directe d&rsquo;un chef d&rsquo;Etat en fonction, c&rsquo;est un tr\u00e8s grand pas qui est fait. D\u00e9sormais, aucun dictateur ne pourra plus dormir en paix. Qui, \u00e0 part eux, pourrait s&rsquo;en plaindre?<\/p>\n","protected":false},"excerpt":{"rendered":"<p>Pour la premi\u00e8re fois, un chef d&rsquo;Etat en exercice se trouve inculp\u00e9 par un tribunal international. Un progr\u00e8s colossal du cheminement d\u00e9mocratique, un \u00e9v\u00e9nement inou\u00ef!<\/p>\n","protected":false},"author":26,"featured_media":0,"comment_status":"open","ping_status":"","sticky":false,"template":"","format":"standard","meta":{"footnotes":""},"categories":[6],"tags":[],"class_list":["post-87","post","type-post","status-publish","format-standard","hentry","category-glocal","glocal"],"aioseo_notices":[],"aioseo_head":"\n\t\t<!-- All in One SEO 5.0.1.1 - aioseo.com -->\n\t<meta name=\"robots\" content=\"max-image-preview:large\" \/>\n\t<meta name=\"author\" content=\"G\u00e9rard Delaloye\"\/>\n\t<meta name=\"keywords\" content=\"glocal\" \/>\n\t<link rel=\"canonical\" href=\"https:\/\/largeur.com\/?p=87\" \/>\n\t<meta name=\"generator\" content=\"All in One SEO (AIOSEO) 5.0.1.1\" \/>\n\t\t<meta property=\"og:locale\" content=\"fr_FR\" \/>\n\t\t<meta property=\"og:site_name\" content=\"Largeur.com |\" \/>\n\t\t<meta property=\"og:type\" content=\"article\" \/>\n\t\t<meta property=\"og:title\" content=\"L\u2019inculpation de Milosevic: un tournant de civilisation | Largeur.com\" \/>\n\t\t<meta property=\"og:url\" content=\"https:\/\/largeur.com\/?p=87\" \/>\n\t\t<meta property=\"article:published_time\" content=\"-001-11-30T00:00:00+00:00\" \/>\n\t\t<meta property=\"article:modified_time\" content=\"-001-11-30T00:00:00+00:00\" \/>\n\t\t<meta name=\"twitter:card\" content=\"summary_large_image\" \/>\n\t\t<meta name=\"twitter:title\" content=\"L\u2019inculpation de Milosevic: un tournant de civilisation | Largeur.com\" \/>\n\t\t<script type=\"application\/ld+json\" class=\"aioseo-schema\">\n\t\t\t{\"@context\":\"https:\\\/\\\/schema.org\",\"@graph\":[{\"@type\":\"Article\",\"@id\":\"https:\\\/\\\/largeur.com\\\/?p=87#article\",\"name\":\"L\\u2019inculpation de Milosevic: un tournant de civilisation | Largeur.com\",\"headline\":\"L&rsquo;inculpation de Milosevic: un tournant de civilisation\",\"author\":{\"@id\":\"https:\\\/\\\/largeur.com\\\/?author=26#author\"},\"publisher\":{\"@id\":\"https:\\\/\\\/largeur.com\\\/#organization\"},\"datePublished\":\"1999-05-27T00:00:00+02:00\",\"dateModified\":\"-0001-11-30T00:00:00+00:09\",\"inLanguage\":\"fr-FR\",\"mainEntityOfPage\":{\"@id\":\"https:\\\/\\\/largeur.com\\\/?p=87#webpage\"},\"isPartOf\":{\"@id\":\"https:\\\/\\\/largeur.com\\\/?p=87#webpage\"},\"articleSection\":\"GLOCAL\"},{\"@type\":\"BreadcrumbList\",\"@id\":\"https:\\\/\\\/largeur.com\\\/?p=87#breadcrumblist\",\"itemListElement\":[{\"@type\":\"ListItem\",\"@id\":\"https:\\\/\\\/largeur.com#listItem\",\"position\":1,\"name\":\"Domicile\",\"item\":\"https:\\\/\\\/largeur.com\",\"nextItem\":{\"@type\":\"ListItem\",\"@id\":\"https:\\\/\\\/largeur.com\\\/?cat=6#listItem\",\"name\":\"GLOCAL\"}},{\"@type\":\"ListItem\",\"@id\":\"https:\\\/\\\/largeur.com\\\/?cat=6#listItem\",\"position\":2,\"name\":\"GLOCAL\",\"item\":\"https:\\\/\\\/largeur.com\\\/?cat=6\",\"nextItem\":{\"@type\":\"ListItem\",\"@id\":\"https:\\\/\\\/largeur.com\\\/?p=87#listItem\",\"name\":\"L&rsquo;inculpation de Milosevic: un tournant de civilisation\"},\"previousItem\":{\"@type\":\"ListItem\",\"@id\":\"https:\\\/\\\/largeur.com#listItem\",\"name\":\"Domicile\"}},{\"@type\":\"ListItem\",\"@id\":\"https:\\\/\\\/largeur.com\\\/?p=87#listItem\",\"position\":3,\"name\":\"L&rsquo;inculpation de Milosevic: un tournant de civilisation\",\"previousItem\":{\"@type\":\"ListItem\",\"@id\":\"https:\\\/\\\/largeur.com\\\/?cat=6#listItem\",\"name\":\"GLOCAL\"}}]},{\"@type\":\"Organization\",\"@id\":\"https:\\\/\\\/largeur.com\\\/#organization\",\"name\":\"Largeur.com\",\"url\":\"https:\\\/\\\/largeur.com\\\/\"},{\"@type\":\"Person\",\"@id\":\"https:\\\/\\\/largeur.com\\\/?author=26#author\",\"url\":\"https:\\\/\\\/largeur.com\\\/?author=26\",\"name\":\"G\\u00e9rard Delaloye\",\"image\":{\"@type\":\"ImageObject\",\"@id\":\"https:\\\/\\\/largeur.com\\\/?p=87#authorImage\",\"url\":\"https:\\\/\\\/secure.gravatar.com\\\/avatar\\\/0fda9f1e6020d13d21216ca75f3c8101540d9fbc76557162c8957b730681a5c3?s=96&d=mm&r=g\",\"width\":96,\"height\":96,\"caption\":\"G\\u00e9rard Delaloye\"}},{\"@type\":\"WebPage\",\"@id\":\"https:\\\/\\\/largeur.com\\\/?p=87#webpage\",\"url\":\"https:\\\/\\\/largeur.com\\\/?p=87\",\"name\":\"L\\u2019inculpation de Milosevic: un tournant de civilisation | Largeur.com\",\"inLanguage\":\"fr-FR\",\"isPartOf\":{\"@id\":\"https:\\\/\\\/largeur.com\\\/#website\"},\"breadcrumb\":{\"@id\":\"https:\\\/\\\/largeur.com\\\/?p=87#breadcrumblist\"},\"author\":{\"@id\":\"https:\\\/\\\/largeur.com\\\/?author=26#author\"},\"creator\":{\"@id\":\"https:\\\/\\\/largeur.com\\\/?author=26#author\"},\"datePublished\":\"1999-05-27T00:00:00+02:00\",\"dateModified\":\"-0001-11-30T00:00:00+00:09\"},{\"@type\":\"WebSite\",\"@id\":\"https:\\\/\\\/largeur.com\\\/#website\",\"url\":\"https:\\\/\\\/largeur.com\\\/\",\"name\":\"Largeur.com\",\"inLanguage\":\"fr-FR\",\"publisher\":{\"@id\":\"https:\\\/\\\/largeur.com\\\/#organization\"}}]}\n\t\t<\/script>\n\t\t<!-- All in One SEO -->\n\n","aioseo_head_json":{"title":"L\u2019inculpation de Milosevic: un tournant de civilisation | Largeur.com","description":"","canonical_url":"https:\/\/largeur.com\/?p=87","robots":"max-image-preview:large","keywords":"glocal","webmasterTools":{"miscellaneous":""},"schema":{"@context":"https:\/\/schema.org","@graph":[{"@type":"Article","@id":"https:\/\/largeur.com\/?p=87#article","name":"L\u2019inculpation de Milosevic: un tournant de civilisation | Largeur.com","headline":"L&rsquo;inculpation de Milosevic: un tournant de civilisation","author":{"@id":"https:\/\/largeur.com\/?author=26#author"},"publisher":{"@id":"https:\/\/largeur.com\/#organization"},"datePublished":"1999-05-27T00:00:00+02:00","dateModified":"-0001-11-30T00:00:00+00:09","inLanguage":"fr-FR","mainEntityOfPage":{"@id":"https:\/\/largeur.com\/?p=87#webpage"},"isPartOf":{"@id":"https:\/\/largeur.com\/?p=87#webpage"},"articleSection":"GLOCAL"},{"@type":"BreadcrumbList","@id":"https:\/\/largeur.com\/?p=87#breadcrumblist","itemListElement":[{"@type":"ListItem","@id":"https:\/\/largeur.com#listItem","position":1,"name":"Domicile","item":"https:\/\/largeur.com","nextItem":{"@type":"ListItem","@id":"https:\/\/largeur.com\/?cat=6#listItem","name":"GLOCAL"}},{"@type":"ListItem","@id":"https:\/\/largeur.com\/?cat=6#listItem","position":2,"name":"GLOCAL","item":"https:\/\/largeur.com\/?cat=6","nextItem":{"@type":"ListItem","@id":"https:\/\/largeur.com\/?p=87#listItem","name":"L&rsquo;inculpation de Milosevic: un tournant de civilisation"},"previousItem":{"@type":"ListItem","@id":"https:\/\/largeur.com#listItem","name":"Domicile"}},{"@type":"ListItem","@id":"https:\/\/largeur.com\/?p=87#listItem","position":3,"name":"L&rsquo;inculpation de Milosevic: un tournant de civilisation","previousItem":{"@type":"ListItem","@id":"https:\/\/largeur.com\/?cat=6#listItem","name":"GLOCAL"}}]},{"@type":"Organization","@id":"https:\/\/largeur.com\/#organization","name":"Largeur.com","url":"https:\/\/largeur.com\/"},{"@type":"Person","@id":"https:\/\/largeur.com\/?author=26#author","url":"https:\/\/largeur.com\/?author=26","name":"G\u00e9rard Delaloye","image":{"@type":"ImageObject","@id":"https:\/\/largeur.com\/?p=87#authorImage","url":"https:\/\/secure.gravatar.com\/avatar\/0fda9f1e6020d13d21216ca75f3c8101540d9fbc76557162c8957b730681a5c3?s=96&d=mm&r=g","width":96,"height":96,"caption":"G\u00e9rard Delaloye"}},{"@type":"WebPage","@id":"https:\/\/largeur.com\/?p=87#webpage","url":"https:\/\/largeur.com\/?p=87","name":"L\u2019inculpation de Milosevic: un tournant de civilisation | Largeur.com","inLanguage":"fr-FR","isPartOf":{"@id":"https:\/\/largeur.com\/#website"},"breadcrumb":{"@id":"https:\/\/largeur.com\/?p=87#breadcrumblist"},"author":{"@id":"https:\/\/largeur.com\/?author=26#author"},"creator":{"@id":"https:\/\/largeur.com\/?author=26#author"},"datePublished":"1999-05-27T00:00:00+02:00","dateModified":"-0001-11-30T00:00:00+00:09"},{"@type":"WebSite","@id":"https:\/\/largeur.com\/#website","url":"https:\/\/largeur.com\/","name":"Largeur.com","inLanguage":"fr-FR","publisher":{"@id":"https:\/\/largeur.com\/#organization"}}]},"og:locale":"fr_FR","og:site_name":"Largeur.com |","og:type":"article","og:title":"L\u2019inculpation de Milosevic: un tournant de civilisation | Largeur.com","og:url":"https:\/\/largeur.com\/?p=87","article:published_time":"-001-11-30T00:00:00+00:00","article:modified_time":"-001-11-30T00:00:00+00:00","twitter:card":"summary_large_image","twitter:title":"L\u2019inculpation de Milosevic: un tournant de civilisation | Largeur.com"},"aioseo_meta_data":{"post_id":"87","title":null,"description":null,"keywords":null,"keyphrases":null,"primary_term":null,"canonical_url":null,"og_title":null,"og_description":null,"og_object_type":"default","og_image_type":"default","og_image_url":null,"og_image_width":null,"og_image_height":null,"og_image_custom_url":null,"og_image_custom_fields":null,"og_video":null,"og_custom_url":null,"og_article_section":null,"og_article_tags":null,"twitter_use_og":false,"twitter_card":"default","twitter_image_type":"default","twitter_image_url":null,"twitter_image_custom_url":null,"twitter_image_custom_fields":null,"twitter_title":null,"twitter_description":null,"schema":{"blockGraphs":[],"customGraphs":[],"default":{"data":{"Article":[],"Course":[],"Dataset":[],"FAQPage":[],"Movie":[],"Person":[],"Product":[],"ProductReview":[],"Car":[],"Recipe":[],"Service":[],"SoftwareApplication":[],"WebPage":[]},"graphName":"","isEnabled":true},"graphs":[]},"schema_type":"default","schema_type_options":null,"pillar_content":false,"robots_default":true,"robots_noindex":false,"robots_noarchive":false,"robots_nosnippet":false,"robots_nofollow":false,"robots_noimageindex":false,"robots_noodp":false,"robots_notranslate":false,"robots_max_snippet":null,"robots_max_videopreview":null,"robots_max_imagepreview":"large","priority":null,"frequency":null,"local_seo":null,"breadcrumb_settings":null,"limit_modified_date":false,"ai":null,"created":"2024-03-28 18:18:24","updated":"2025-07-09 12:58:18","seo_analyzer_scan_date":null,"focus_keyword":null,"additional_keywords":null,"truseo_locale":null},"aioseo_breadcrumb":"<div class=\"aioseo-breadcrumbs\"><span class=\"aioseo-breadcrumb\">\n\t\t\t<a href=\"https:\/\/largeur.com\" title=\"Domicile\">Domicile<\/a>\n\t\t<\/span><span class=\"aioseo-breadcrumb-separator\">&raquo;<\/span><span class=\"aioseo-breadcrumb\">\n\t\t\t<a href=\"https:\/\/largeur.com\/?cat=6\" title=\"GLOCAL\">GLOCAL\r<\/a>\n\t\t<\/span><span class=\"aioseo-breadcrumb-separator\">&raquo;<\/span><span class=\"aioseo-breadcrumb\">\n\t\t\tL\u2019inculpation de Milosevic: un tournant de civilisation\n\t\t<\/span><\/div>","aioseo_breadcrumb_json":[{"label":"Domicile","link":"https:\/\/largeur.com"},{"label":"GLOCAL\r","link":"https:\/\/largeur.com\/?cat=6"},{"label":"L&rsquo;inculpation de Milosevic: un tournant de civilisation","link":"https:\/\/largeur.com\/?p=87"}],"_links":{"self":[{"href":"https:\/\/largeur.com\/index.php?rest_route=\/wp\/v2\/posts\/87","targetHints":{"allow":["GET"]}}],"collection":[{"href":"https:\/\/largeur.com\/index.php?rest_route=\/wp\/v2\/posts"}],"about":[{"href":"https:\/\/largeur.com\/index.php?rest_route=\/wp\/v2\/types\/post"}],"author":[{"embeddable":true,"href":"https:\/\/largeur.com\/index.php?rest_route=\/wp\/v2\/users\/26"}],"replies":[{"embeddable":true,"href":"https:\/\/largeur.com\/index.php?rest_route=%2Fwp%2Fv2%2Fcomments&post=87"}],"version-history":[{"count":0,"href":"https:\/\/largeur.com\/index.php?rest_route=\/wp\/v2\/posts\/87\/revisions"}],"wp:attachment":[{"href":"https:\/\/largeur.com\/index.php?rest_route=%2Fwp%2Fv2%2Fmedia&parent=87"}],"wp:term":[{"taxonomy":"category","embeddable":true,"href":"https:\/\/largeur.com\/index.php?rest_route=%2Fwp%2Fv2%2Fcategories&post=87"},{"taxonomy":"post_tag","embeddable":true,"href":"https:\/\/largeur.com\/index.php?rest_route=%2Fwp%2Fv2%2Ftags&post=87"}],"curies":[{"name":"wp","href":"https:\/\/api.w.org\/{rel}","templated":true}]}}