



{"id":8089,"date":"2018-10-02T23:30:48","date_gmt":"2018-10-02T21:30:48","guid":{"rendered":"https:\/\/largeur.com\/?p=8089"},"modified":"2018-10-01T16:43:41","modified_gmt":"2018-10-01T14:43:41","slug":"lausanne-2","status":"publish","type":"post","link":"https:\/\/largeur.com\/?p=8089","title":{"rendered":"Plateforme 10: une \u00e9pop\u00e9e vaudoise"},"content":{"rendered":"<p>L\u2019excitation est palpable chez Bernard Fibicher\u00a0quand, en suivant le plan avec son doigt, il nous\u00a0d\u00e9taille les diff\u00e9rents modules qui vont composer\u00a0le nouveau b\u00e2timent du Mus\u00e9e cantonal des\u00a0Beaux-Arts de Lausanne (MCB-A). Le directeur va\u00a0vivre ce que ses deux pr\u00e9d\u00e9cesseu01rs ont r\u00eav\u00e9 en\u00a0vain de piloter pendant leur mandat respectif : le\u00a0d\u00e9m\u00e9nagement du mus\u00e9e dans des locaux plus\u00a0dignes de son statut. \u00abJe suis heureux que cela\u00a0m\u2019arrive en fin de carri\u00e8re, car je visite les mus\u00e9es\u00a0du monde en \u00e9tant presque plus attentif aux\u00a0d\u00e9tails d\u2019architecture qu\u2019\u00e0 l\u2019art\u00bb, plaisante celui qui\u00a0vient pourtant de r\u00e9aliser un grand coup artistique\u00a0en programmant la superstar Ai Weiwei en guise\u00a0d\u2019exposition de cl\u00f4ture au Palais de Rumine.<\/p>\n<p>Les autorit\u00e9s cantonales et municipales se\u00a0cassaient les dents sur ce relogement depuis vingt-sept\u00a0ans. \u00abEn 1924, \u00c9mile Bonjour, le directeur de\u00a0l\u2019\u00e9poque, disait d\u00e9j\u00e0 que les locaux au Palais de\u00a0Rumine \u00e9taient trop petits!\u00bb pr\u00e9cise m\u00eame Bernard\u00a0Fibicher. Cette exigu\u00eft\u00e9 a toujours contraint\u00a0l\u2019institution, la privant d\u2019exposition permanente.\u00a0\u00abNous poss\u00e9dons la plus grande collection\u00a0publique au monde de tableaux de F\u00e9lix Vallotton,\u00a0mais celle-ci reste invisible dans nos r\u00e9serves\u00bb,\u00a0illustre le directeur. Dans son aile nord du Palais\u00a0de Rumine, le trop modeste mus\u00e9e semblait\u00a0s\u2019effacer au profit des autres locataires du lieu\u00a0comme le Mus\u00e9e de g\u00e9ologie, celui de zoologie,\u00a0ou la Biblioth\u00e8que cantonale universitaire.<\/p>\n<p>Il s\u2019appr\u00eate \u00e0 vivre une revanche \u00e9clatante. Sur\u00a0un terrain de 22\u2019000 m<sup>2<\/sup> \u00e0 quelques pas de la\u00a0gare qui accueillait des halles aux locomotives,\u00a0les travaux de construction du nouveau\u00a0b\u00e2timent se termineront au printemps 2019.\u00a0\u00c0 ses c\u00f4t\u00e9s s\u2019\u00e9l\u00e8vera d\u2019ici \u00e0 2021 un second\u00a0b\u00e2timent o\u00f9 prendront leurs quartiers le Mus\u00e9e\u00a0de l\u2019\u00c9lys\u00e9e consacr\u00e9 \u00e0 la photographie et\u00a0le mudac, qui expose les arts appliqu\u00e9s.<\/p>\n<p>En guise d\u2019amuse-bouche, l\u2019\u00e9quipe du MCB-A a\u00a0imagin\u00e9 une premi\u00e8re exposition qui va pr\u00e9c\u00e9der\u00a0l\u2019ach\u00e8vement des travaux. \u00c0 la fin de cet \u00e9t\u00e9, entre\u00a0le 31 ao\u00fbt et le 9 septembre, six toiles inachev\u00e9es\u00a0et des dessins du peintre Balthus dialogueront\u00a0avec les surfaces encore brutes du b\u00e2timent en\u00a0construction. C\u2019est au chor\u00e9graphe et metteur en\u00a0sc\u00e8ne am\u00e9ricain Bob Wilson que la mise en espace\u00a0de l\u2019exposition est confi\u00e9e. L\u2019astucieuse op\u00e9ration\u00a0met en lumi\u00e8re un artiste dont le mus\u00e9e a re\u00e7u\u00a0plusieurs \u0153uvres en dons ces derni\u00e8res ann\u00e9es\u00a0tout en satisfaisant le d\u00e9sir d\u2019un public curieux de\u00a0jeter un \u0153il \u00e0 l\u2019int\u00e9rieur des nouveaux locaux.<\/p>\n<p><img loading=\"lazy\" decoding=\"async\" class=\"alignnone size-full wp-image-8090\" src=\"https:\/\/largeur.com\/wp-content\/uploads\/2018\/10\/ImageJour_Lausanner_Plateforme10.jpg\" alt=\"\" width=\"469\" height=\"312\" srcset=\"https:\/\/largeur.com\/wp-content\/uploads\/2018\/10\/ImageJour_Lausanner_Plateforme10.jpg 469w, https:\/\/largeur.com\/wp-content\/uploads\/2018\/10\/ImageJour_Lausanner_Plateforme10-300x200.jpg 300w, https:\/\/largeur.com\/wp-content\/uploads\/2018\/10\/ImageJour_Lausanner_Plateforme10-272x182.jpg 272w\" sizes=\"auto, (max-width: 469px) 100vw, 469px\" \/><\/p>\n<p>C\u2019est le jeune bureau d\u2019architecture de Barcelone\u00a0Estudio Barozzi Veiga qui signe ce grand navire de\u00a0145,5 m\u00e8tres de long et de 22,1 m\u00e8tres de haut. Le\u00a0parall\u00e9l\u00e9pip\u00e8de se distingue par ses fa\u00e7ades en\u00a0briques grises qui cr\u00e9ent un effet de surface subtil,\u00a0et par ses lames qui scandent la fa\u00e7ade nord. Elles\u00a0ont pour finalit\u00e9 de couper la lumi\u00e8re entrante\u00a0tout en dramatisant l\u2019\u00e9clairage int\u00e9rieur de nuit.\u00a0C\u00f4t\u00e9 sud, face aux rails, le b\u00e2timent englobe\u00a0un \u00e9l\u00e9ment de l\u2019ancienne halle aux locomotives\u00a0en guise de rappel du pass\u00e9 industriel du site.\u00a0Mais hormis cette ouverture, et une fen\u00eatre en\u00a0hauteur \u00e0 travers laquelle on apercevra le lac,\u00a0cette fa\u00e7ade est enti\u00e8rement aveugle. \u00abIl s\u2019agit\u00a0d\u2019un imp\u00e9ratif pos\u00e9 en amont par les assureurs\u00a0qui r\u00e9clament que les \u0153uvres soient prot\u00e9g\u00e9es\u00a0des risques d\u2019accident ferroviaire, alors que de\u00a0telles exigences ne sont pas formul\u00e9es pour les\u00a0immeubles d\u2019habitation o\u00f9 vivent des personnes\u00bb,\u00a0soupire Christophe Catsaros, r\u00e9dacteur en chef\u00a0de la revue d\u2019architecture <em>Trac\u00e9s<\/em> \u00e0 Lausanne.<\/p>\n<p>Plus ouvert, avec sa grande faille qui court sur\u00a0tout son pourtour, le second b\u00e2timent du futur\u00a0p\u00f4le mus\u00e9al, imagin\u00e9 par les fr\u00e8res portugais\u00a0Manuel et Francisco Aires Mateus, compl\u00e8te\u00a0admirablement le site. \u00abIl contrebalance le\u00a0caract\u00e8re plus clos du premier b\u00e2timent\u00bb,\u00a0juge Christophe Catsaros. D\u00e8s 2021, le Mus\u00e9e\u00a0de l\u2019\u00c9lys\u00e9e, sp\u00e9cialis\u00e9 en photographie, et le\u00a0Mudac (mus\u00e9e du design et des arts appliqu\u00e9s\u00a0contemporains) se partageront cet \u00e9difice.<\/p>\n<p>Cette r\u00e9union d\u2019institutions baptis\u00e9e Plateforme\u00a010 en r\u00e9f\u00e9rence \u00e0 la dixi\u00e8me voie qu\u2019elle forme le\u00a0long des rails sera unique en Suisse. On la compare\u00a0\u00e0 des projets d\u2019envergure internationale tels que\u00a0l\u2019\u00eele des mus\u00e9es berlinoise ou le MuseumsQuartier\u00a0de Vienne. La taille du complexe ne rivalise\u00a0pas avec le mod\u00e8le autrichien qui regroupe six\u00a0institutions sur 60\u2019000 m<sup>2<\/sup>. Il partage n\u00e9anmoins\u00a0la m\u00eame ambition de b\u00e2tir un quartier d\u2019activit\u00e9s\u00a0vivant aussi le soir et le dimanche. Des caf\u00e9s, des\u00a0librairies, peut-\u00eatre des galeries, et des services\u00a0divers vont compl\u00e9ter l\u2019offre des trois mus\u00e9es dans\u00a0les arches qui vont border le site. Une fondation\u00a0d\u2019architecture, le CUB, pour Culture du B\u00e2ti,\u00a0avec des bureaux et un espace d\u2019exposition,\u00a0compl\u00e9tera m\u00eame l\u2019offre culturelle de Plateforme\u00a010 \u00e0 l\u2019horizon 2025. Le but est d\u2019imposer Lausanne\u00a0comme une des villes culturelles majeures du pays,\u00a0malgr\u00e9 la s\u00e9v\u00e8re concurrence de B\u00e2le, Zurich et\u00a0Gen\u00e8ve dans le domaine. Les autorit\u00e9s misent\u00a0sur une fr\u00e9quentation de 250\u2019000 visiteurs par\u00a0an. Un chiffre ambitieux compar\u00e9 aux 100\u2019000\u00a0visiteurs cumul\u00e9s actuels des trois institutions.\u00a0\u00abEn plein essor, avec ses 40 millions d\u2019usagers\u00a0annuels, la gare de Lausanne nous offre un\u00a0potentiel fantastique\u00bb, estime Bernard Fibicher.\u00a0Le directeur souhaite ainsi capter les voyageurs\u00a0qui ratent leur train afin qu\u2019ils viennent admirer\u00a0quelques tableaux ou un \u00e9tage du mus\u00e9e pendant\u00a0leur attente. \u00abC\u2019est pourquoi nous voulons rendre\u00a0gratuite la visite de la collection permanente.\u00bb<\/p>\n<p>Que contient-elle au juste cette collection\u00a0permanente enfin rendue publique? \u00c0 c\u00f4t\u00e9 de\u00a0quelques pi\u00e8ces de valeur de ma\u00eetres comme\u00a0C\u00e9zanne, Courbet, Renoir, Rodin, ou d\u2019artistes\u00a0contemporains de premier plan tels que Bruce\u00a0Nauman, Christian Boltanski ou Sophie Calle,\u00a0le mus\u00e9e va exposer ses importants fonds d\u2019art\u00a0vaudois. Vallotton bien s\u00fbr, mais aussi Louis\u00a0Soutter, Ren\u00e9 Auberjonois, ou Charles Gleyre.\u00a0\u00abCe peintre acad\u00e9mique a attir\u00e9 1 million de\u00a0visiteurs l\u2019an dernier au Mus\u00e9e d\u2019Orsay \u00e0 Paris,\u00a0avec une grande partie d\u2019\u0153uvres pr\u00eat\u00e9es par\u00a0notre mus\u00e9e\u00bb, se r\u00e9jouit Bernard Fibicher.<\/p>\n<p>Pour Katharina Holderegger, historienne de l\u2019art\u00a0et critique de la revue <em>Kunstbulletin<\/em>, la collection\u00a0du mus\u00e9e est de petite taille mais contient de\u00a0tr\u00e8s belles pi\u00e8ces. \u00abJe me r\u00e9jouis \u00e9norm\u00e9ment de\u00a0voir cette histoire de l\u2019art vaudois enfin expos\u00e9e.\u00a0J\u2019esp\u00e8re que des liens seront trac\u00e9s avec les\u00a0peintres contemporains comme Nicolas Party\u00a0qui s\u2019inspire de Vallotton.\u00bb L\u2019institution qui ne\u00a0fait pas myst\u00e8re de certains trous dans son r\u00e9cit\u00a0historique \u2013 notamment la p\u00e9riode des avant-gardes\u00a0historiques, cubistes, dada, surr\u00e9alistes\u00a0\u2013 esp\u00e8re b\u00e9n\u00e9ficier d\u2019une campagne de dons\u00a0et de pr\u00eats longue dur\u00e9e de collectionneurs\u00a0priv\u00e9s dont l\u2019\u00e9crin peu avenant du Palais de\u00a0Rumine la privait jusqu\u2019ici. La moisson a bien\u00a0commenc\u00e9 puisque, outre les dons de cinq toiles\u00a0de Balthus, le mus\u00e9e va h\u00e9berger la fondation\u00a0Toms Pauli qui poss\u00e8de un fonds exceptionnel de\u00a0tapisseries europ\u00e9ennes du XVI<sup>e<\/sup> au XIX<sup>e<\/sup> si\u00e8cle.<\/p>\n<p>\u00c0 la collection permanente va s\u2019ajouter un\u00a0programme d\u2019expositions temporaires. En tout\u00a01200 m<sup>2<\/sup> seront consacr\u00e9s \u00e0 ces expositions,\u00a0dont une salle grandiose de 750 m<sup>2<\/sup> \u00e0 elle\u00a0seule. Une autre salle accueillera les travaux de\u00a0jeunes artistes sur 220 m<sup>2<\/sup>. Le mus\u00e9e b\u00e9n\u00e9ficie\u00a0d\u2019un budget deux fois plus \u00e9lev\u00e9 pour mettre\u00a0en \u0153uvre son programme d\u2019expositions.<\/p>\n<p>Cette \u00e9mulation succ\u00e8de \u00e0 plusieurs ann\u00e9es de\u00a0blocage. En particulier apr\u00e8s le rejet par le peuple\u00a0du projet d\u2019un nouveau mus\u00e9e des beaux-arts\u00a0au bord du lac, \u00e0 Bellerive.\u00a0Loin de d\u00e9courager les autorit\u00e9s, ce refus a\u00a0permis, quelques mois plus tard, de faire \u00e9merger\u00a0cette solution nettement plus ambitieuse du\u00a0p\u00f4le mus\u00e9al. Pierre Keller, l\u2019ancien directeur de\u00a0l\u2019ECAL faisait partie d\u2019une commission r\u00e9unie\u00a0par la Ville de Lausanne, en vue d\u2019envisager de\u00a0nouvelles approches. \u00abJ\u2019ai visit\u00e9 ce terrain des\u00a0CFF, que j\u2019ai trouv\u00e9 fantastique, se souvient-il.\u00a0J\u2019ai dit \u00e0 Silvia Zamora, la municipale de la\u00a0culture de l\u2019\u00e9poque, qu\u2019il faudrait y regrouper les\u00a0trois mus\u00e9es, ce qu\u2019elle a trouv\u00e9 formidable. Le\u00a0Mus\u00e9e de \u00c9lys\u00e9e \u00e9tait parfait quand on montrait\u00a0des tirages de 30-40 cm, mais ne correspond\u00a0plus \u00e0 la photographie contemporaine. Le\u00a0Mudac est un d\u00e9dale de salles impossibles.\u00a0Nous avons port\u00e9 ensemble cette id\u00e9e qui a\u00a0rapidement convaincu beaucoup de monde.\u00bb<\/p>\n<p>\u00c0 cette vision initiale, Plateforme 10 doit d\u00e9sormais\u00a0r\u00e9pondre par une vision artistique qui poss\u00e8de\u00a0un m\u00eame souffle. \u00abLe concours d\u2019architecture a\u00a0permis de sortir du local. Il faudrait d\u00e9sormais\u00a0qu\u2019une personne de carrure internationale insuffle\u00a0ses id\u00e9es \u00e0 l\u2019ensemble du p\u00f4le mus\u00e9al\u00bb, conseille\u00a0Pierre Keller. Peut-\u00eatre que cette personnalit\u00e9\u00a0providentielle arrivera en chevauchant l\u2019\u0153uvre\u00a0embl\u00e8me du site. Baptis\u00e9e Crocodile, cette\u00a0collaboration entre l\u2019artiste fran\u00e7ais Xavier Veilhan\u00a0et le Suisse OIivier Mosset est un hommage au\u00a0mod\u00e8le de locomotive 6\/8II. Produite en m\u00e9tal\u00a0peint, l\u2019\u0153uvre de 18 m\u00e8tres fait la synth\u00e8se entre\u00a0le pass\u00e9 industriel et le futur artistique du site. Elle\u00a0semble aussi pr\u00f4ner la collaboration entre deux\u00a0artistes aux carri\u00e8res individuelles qui se sont alli\u00e9s\u00a0pour les besoins de ce concours. Une attitude dont\u00a0les entit\u00e9s de Plateforme 10 devront s\u2019inspirer.<\/p>\n<p>_______<\/p>\n<p>Une version de cet article est parue dans le magazine The Lausanner (no 1).<\/p>\n","protected":false},"excerpt":{"rendered":"<p>Trois mus\u00e9es lausannois vont bient\u00f4t emm\u00e9nager dans de nouveaux b\u00e2timents sur un m\u00eame site proche de la gare. Ce pari architectural et culturel audacieux, unique en Suisse, se concr\u00e9tise apr\u00e8s plus de vingt ans de tractations politiques.<\/p>\n","protected":false},"author":19343,"featured_media":8090,"comment_status":"closed","ping_status":"closed","sticky":false,"template":"","format":"standard","meta":{"footnotes":""},"categories":[3],"tags":[],"class_list":["post-8089","post","type-post","status-publish","format-standard","has-post-thumbnail","hentry","category-pop-culture","pop-culture"],"aioseo_notices":[],"_links":{"self":[{"href":"https:\/\/largeur.com\/index.php?rest_route=\/wp\/v2\/posts\/8089","targetHints":{"allow":["GET"]}}],"collection":[{"href":"https:\/\/largeur.com\/index.php?rest_route=\/wp\/v2\/posts"}],"about":[{"href":"https:\/\/largeur.com\/index.php?rest_route=\/wp\/v2\/types\/post"}],"author":[{"embeddable":true,"href":"https:\/\/largeur.com\/index.php?rest_route=\/wp\/v2\/users\/19343"}],"replies":[{"embeddable":true,"href":"https:\/\/largeur.com\/index.php?rest_route=%2Fwp%2Fv2%2Fcomments&post=8089"}],"version-history":[{"count":2,"href":"https:\/\/largeur.com\/index.php?rest_route=\/wp\/v2\/posts\/8089\/revisions"}],"predecessor-version":[{"id":8092,"href":"https:\/\/largeur.com\/index.php?rest_route=\/wp\/v2\/posts\/8089\/revisions\/8092"}],"wp:featuredmedia":[{"embeddable":true,"href":"https:\/\/largeur.com\/index.php?rest_route=\/wp\/v2\/media\/8090"}],"wp:attachment":[{"href":"https:\/\/largeur.com\/index.php?rest_route=%2Fwp%2Fv2%2Fmedia&parent=8089"}],"wp:term":[{"taxonomy":"category","embeddable":true,"href":"https:\/\/largeur.com\/index.php?rest_route=%2Fwp%2Fv2%2Fcategories&post=8089"},{"taxonomy":"post_tag","embeddable":true,"href":"https:\/\/largeur.com\/index.php?rest_route=%2Fwp%2Fv2%2Ftags&post=8089"}],"curies":[{"name":"wp","href":"https:\/\/api.w.org\/{rel}","templated":true}]}}