



{"id":7692,"date":"2018-06-29T23:49:51","date_gmt":"2018-06-29T21:49:51","guid":{"rendered":"https:\/\/largeur.com\/?p=7692"},"modified":"2018-06-30T08:11:27","modified_gmt":"2018-06-30T06:11:27","slug":"suisse-480","status":"publish","type":"post","link":"https:\/\/largeur.com\/?p=7692","title":{"rendered":"Les footballeurs ne sont pas des aigles"},"content":{"rendered":"<p>Shaqiri par \u00e7i, Xhaka par l\u00e0. Le football, et tout particuli\u00e8rement sa grand-messe supr\u00eame, est tellement impactant qu&rsquo;il a m\u00eame r\u00e9ussi \u00e0 tirer un instant de sa torpeur pr\u00e9-estivale le landerneau politique suisse.<\/p>\n<p>Que les footballeurs ne soient pas des aigles, cela a \u00e9t\u00e9, \u00e0 quelques exceptions pr\u00e8s, assez clairement d\u00e9montr\u00e9. La fameuse c\u00e9l\u00e9bration dite de l&rsquo;aigle noir albanais aurait donc d\u00fb \u00eatre trait\u00e9e pour ce qu&rsquo;elle \u00e9tait: un non-\u00e9v\u00e9nement. Comme tout ce que fait un footballeur en dehors de son strict m\u00e9tier pour lequel il est pay\u00e9, souvent assez bien, et pour lequel on l&rsquo;admire, souvent tr\u00e8s fort.<\/p>\n<p>C&rsquo;est l&rsquo;aspect sportif seul qui aurait d\u00fb \u00eatre scrut\u00e9, d\u00e9cortiqu\u00e9, comment\u00e9. A savoir le risque de sanction \u00e9manant de la FIFA. Le principe d&rsquo;interdiction de gestes \u00e0 connotation politique sur un terrain de sport semble a priori plut\u00f4t une bonne chose. Sinon on en viendrait \u00e0 devoir trier entre les bons gestes et les moins bons. Le probl\u00e8me c&rsquo;est que dans une comp\u00e9tition mondiale il n&rsquo;y aura jamais un geste qui ne choquera personne. C\u2019est le principe m\u00eame des symboles et des gestes politiques: rassembler son camp d&rsquo;un c\u00f4t\u00e9, d\u00e9signer l&rsquo;ennemi de l&rsquo;autre.<\/p>\n<p>On aurait pu \u00e0 l\u2019inverse faire remarquer aux pontifiants seigneurs de la FIFA qu\u2019entre une c\u00e9l\u00e9bration idiote, narcissique, comme le sont la plupart, et des gestes plus \u00e9labor\u00e9s, voire m\u00eame porteurs de sens, on pourrait pr\u00e9f\u00e9rer ceux-ci. Des footballeurs avec des convictions et des sentiments, cela devrait faire plut\u00f4t envie que d\u00e9clencher la foudre des r\u00e8glements.<\/p>\n<p>Au lieu de cela, le d\u00e9bat s&rsquo;est focalis\u00e9 dans nos chaumi\u00e8res sur la question du degr\u00e9 de suissitude des Xherdan, Granit et consorts. Question \u00e9videmment sans objet, tellement irrationnelle, cousue d\u2019affects, d\u2019approximations et d\u2019\u00e0-priori, que m\u00eame le diable ne saurait la trancher.<\/p>\n<p><img loading=\"lazy\" decoding=\"async\" class=\"alignnone size-full wp-image-7695\" src=\"https:\/\/largeur.com\/wp-content\/uploads\/2018\/06\/ImageJour_290618.jpg\" alt=\"\" width=\"469\" height=\"311\" srcset=\"https:\/\/largeur.com\/wp-content\/uploads\/2018\/06\/ImageJour_290618.jpg 469w, https:\/\/largeur.com\/wp-content\/uploads\/2018\/06\/ImageJour_290618-300x199.jpg 300w\" sizes=\"auto, (max-width: 469px) 100vw, 469px\" \/><\/p>\n<p>Le conseiller national UDC Jean-Luc Addor, connu surtout pour ses envies de peine de mort, a eu raison de souligner que le cadre de l\u2019\u00e9quipe suisse n\u2019\u00e9tait sans doute pas le bon pour mettre en sc\u00e8ne un conflit qui ne la concerne en aucune mani\u00e8re. Mais cet autre UDC, Kevin Grangier, n\u2019eut pas non plus tout \u00e0 fait tort de dire que l&rsquo;engagement des kosovars de la Nati sur ce match surpassa de tr\u00e8s loin en patriotisme un petit rappel des origines albanaises.<\/p>\n<p>Slobodan Despot, l&rsquo;\u00e9crivain suisse d&rsquo;origine serbe, ne battait pas non plus la campagne quand il expliqua avoir per\u00e7u la c\u00e9l\u00e9bration de Shaqiri et Xhaka comme empreinte d\u2019un \u00abnationalisme agressif\u00bb. Guy Mettan enfin, le plus russophile des Valaisans de Gen\u00e8ve, et par voie de bande aussi le plus pro-serbe, pouvait \u00e9galement estimer \u00e0 juste titre que \u00able mod\u00e8le pluriculturel suisse\u00bb avait \u00e9t\u00e9 mis en p\u00e9ril \u00e0 Kaliningrad avec \u00abdes milliers de Suisses d&rsquo;origine serbe\u00bb qui se sont sentis \u00aboffens\u00e9s\u00bb.<\/p>\n<p>Sauf que la socialiste Ada Marra eut aussi cent fois raison de marteler que \u00abce qui nous rattache au pays de provenance, c\u2019est la famille, les affects, l\u2019histoire tragique dans ce cas\u00bb. Qu\u2019il ne fallait pas oublier que \u00abl\u2019int\u00e9gration est une reconnaissance mutuelle\u00bb. Que \u00abdire que Shaqiri et Xhaka ne se sentent pas Suisses\u00bb, c\u2019\u00e9tait quand m\u00eame \u00abprobl\u00e9matique\u00bb.<\/p>\n<p>On le voit: m\u00eame l\u2019arbitrage vid\u00e9o le plus pointu ne viendrait pas \u00e0 bout de ces querelles picrocholines, attis\u00e9es par des visions partielles et biais\u00e9es du mod\u00e8le multiculturel qui pr\u00e9vaut en Europe depuis quelques d\u00e9cennies. Un mod\u00e8le qui se r\u00e9v\u00e8le moins une richesse ou au contraire un d\u00e9sastre, qu&rsquo;une source de d\u00e9fis in\u00e9dits \u00e0 surmonter lucidement.<\/p>\n<p>La Suisse albanaise par exemple poss\u00e8de un grand avantage sur les contre-mod\u00e8les de ses d\u00e9tracteurs, comme sur les contes de f\u00e9e de ses thurif\u00e9raires: elle existe.<\/p>\n","protected":false},"excerpt":{"rendered":"<p>Les r\u00e9actions contrast\u00e9es \u00e0 la pol\u00e9mique vaine et d\u00e9j\u00e0 oubli\u00e9e de Kaliningrad pourraient servir \u00e0 envisager notre mod\u00e8le pluriculturel avec davantage de lucidit\u00e9.<\/p>\n","protected":false},"author":19223,"featured_media":7695,"comment_status":"closed","ping_status":"closed","sticky":false,"template":"","format":"standard","meta":{"footnotes":""},"categories":[6],"tags":[1298],"class_list":["post-7692","post","type-post","status-publish","format-standard","has-post-thumbnail","hentry","category-glocal","tag-chroniques","glocal"],"aioseo_notices":[],"_links":{"self":[{"href":"https:\/\/largeur.com\/index.php?rest_route=\/wp\/v2\/posts\/7692","targetHints":{"allow":["GET"]}}],"collection":[{"href":"https:\/\/largeur.com\/index.php?rest_route=\/wp\/v2\/posts"}],"about":[{"href":"https:\/\/largeur.com\/index.php?rest_route=\/wp\/v2\/types\/post"}],"author":[{"embeddable":true,"href":"https:\/\/largeur.com\/index.php?rest_route=\/wp\/v2\/users\/19223"}],"replies":[{"embeddable":true,"href":"https:\/\/largeur.com\/index.php?rest_route=%2Fwp%2Fv2%2Fcomments&post=7692"}],"version-history":[{"count":2,"href":"https:\/\/largeur.com\/index.php?rest_route=\/wp\/v2\/posts\/7692\/revisions"}],"predecessor-version":[{"id":7696,"href":"https:\/\/largeur.com\/index.php?rest_route=\/wp\/v2\/posts\/7692\/revisions\/7696"}],"wp:featuredmedia":[{"embeddable":true,"href":"https:\/\/largeur.com\/index.php?rest_route=\/wp\/v2\/media\/7695"}],"wp:attachment":[{"href":"https:\/\/largeur.com\/index.php?rest_route=%2Fwp%2Fv2%2Fmedia&parent=7692"}],"wp:term":[{"taxonomy":"category","embeddable":true,"href":"https:\/\/largeur.com\/index.php?rest_route=%2Fwp%2Fv2%2Fcategories&post=7692"},{"taxonomy":"post_tag","embeddable":true,"href":"https:\/\/largeur.com\/index.php?rest_route=%2Fwp%2Fv2%2Ftags&post=7692"}],"curies":[{"name":"wp","href":"https:\/\/api.w.org\/{rel}","templated":true}]}}