



{"id":6738,"date":"2017-11-03T23:56:01","date_gmt":"2017-11-03T22:56:01","guid":{"rendered":"https:\/\/largeur.com\/?p=6738"},"modified":"2017-11-02T17:26:03","modified_gmt":"2017-11-02T16:26:03","slug":"suisse-461","status":"publish","type":"post","link":"https:\/\/largeur.com\/?p=6738","title":{"rendered":"Parias et ch\u00e8vres-\u00e9missaires"},"content":{"rendered":"<p>\u00abLe m\u00e9pris vient de la t\u00eate, la haine vient du c\u0153ur et l\u2019un exclut l\u2019autre\u00bb bougonnait le vieux Schopenhauer dans son coin. On ne sait si c&rsquo;est par la t\u00eate ou le c\u0153ur, mais il semblerait que certaines cat\u00e9gories de citoyens en Suisse soient consid\u00e9r\u00e9es d&rsquo;assez haut. Pour ce qu&rsquo;ils sont ou ce qu&rsquo;ils font. Trois petits exemples, au hasard de l&rsquo;actualit\u00e9, le sugg\u00e8rent assez bien.<\/p>\n<p>La Suisse semble ainsi, malgr\u00e9 moult proclamations officielles, ne pas ch\u00e9rir excessivement ses femmes. Ce sont des chiffres qui le disent, pas un vague sentiment ni une impression fugitive, encore moins des hashtags revendicatifs. Mais les donn\u00e9es de l&rsquo;indice du Forum \u00e9conomique mondial (WEF), une \u00e9chelle o\u00f9, sur la question de l&rsquo;\u00e9galit\u00e9 homme-femme, notre pays vient de d\u00e9visser m\u00e9chamment, passant du 11\u00e8me au 21\u00e8me rang.<\/p>\n<p>Les salaires moyens des femmes n&rsquo;atteignent par exemple que le 85% de celui des hommes. Il n&rsquo;est pas s\u00fbr que le foss\u00e9 se comble vite, si l&rsquo;on consid\u00e8re qu&rsquo;en mati\u00e8re de formation aux nouvelles technologies les femmes ne repr\u00e9sentent que 13% des dipl\u00f4m\u00e9s. S\u2019agissant d&rsquo;\u00e9mancipation politique ce n&rsquo;est pas mieux, la Suisse passant du 15\u00e8me au 28\u00e8me rang. Ce qui place donc, \u00e0 l&rsquo;indice global de l&rsquo;\u00e9galit\u00e9, la ch\u00e8re Conf\u00e9d\u00e9ration loin derri\u00e8re certes les habituels bons \u00e9l\u00e8ves scandinaves -Islande, Norv\u00e8ge, Finlande- \u00a0mais \u00e0 la tra\u00eene \u00e9galement de pays comme le Rwanda, la Slov\u00e9nie, le Nicaragua ou les Philippines.<\/p>\n<p>Ce qui n&#8217;emp\u00eache personne, tous bords politiques confondus, de jouer r\u00e9guli\u00e8rement les donneurs de le\u00e7ons universelles sur la mani\u00e8re exemplaire dont seraient trait\u00e9s les femmes au pays de la d\u00e9mocratie directe, et au nom de valeurs \u00e9videmment insurpassables.<\/p>\n<p><img loading=\"lazy\" decoding=\"async\" class=\"alignnone size-full wp-image-6742\" src=\"https:\/\/largeur.com\/wp-content\/uploads\/2017\/11\/Large02112017.jpg\" alt=\"\" width=\"468\" height=\"311\" srcset=\"https:\/\/largeur.com\/wp-content\/uploads\/2017\/11\/Large02112017.jpg 468w, https:\/\/largeur.com\/wp-content\/uploads\/2017\/11\/Large02112017-300x199.jpg 300w, https:\/\/largeur.com\/wp-content\/uploads\/2017\/11\/Large02112017-272x182.jpg 272w\" sizes=\"auto, (max-width: 468px) 100vw, 468px\" \/><\/p>\n<p>Apr\u00e8s les ch\u00e8vres-\u00e9missaires, les boucs. La Suisse a beau mettre ses paysans \u00e0 toutes les sauces publicitaires, les statufier en pieuses embl\u00e8mes touristiques, surtout s&rsquo;ils sont de montagne, eux ont le net sentiment d&rsquo;\u00eatre plus que maltrait\u00e9s, voire saign\u00e9s \u00e0 l&rsquo;os. \u00abLe Conseil f\u00e9d\u00e9ral veut sacrifier l\u2019agriculture\u00bb s&rsquo;\u00e9nerve ainsi l\u2019Union suisse des paysans. En cause les annonces de Johann Schneider-Ammann concernant les strat\u00e9gies pour \u00abemmener l&rsquo;agriculture sur les chemins du succ\u00e8s\u00bb.<\/p>\n<p>Des sentiers arides en fait qui passent par la suppression des barri\u00e8res douani\u00e8res et la conclusion de nouveaux accords de libre-\u00e9change. \u00abSans protection douani\u00e8re, il n\u2019y a pas de prix \u00e0 la production \u00e0 m\u00eame de couvrir les co\u00fbts\u00bb, s\u2019insurge Jacques Bourgeois, conseiller national et directeur de l\u2019USP. Les paysans certes peuvent compter sur le soutien patriotique de l&rsquo;UDC et l\u2019appui id\u00e9ologique de la gauche, pour laquelle \u00ablibre-\u00e9change\u00bb reste un gros mot. \u00abVeut-on vraiment concurrencer notre production agricole avec des produits qui ne respectent ni nos standards environnementaux ni nos standards sociaux?\u00bb, fait mine de s&rsquo;interroger la verte Ad\u00e8le Thorens.<\/p>\n<p>Enfin plus anecdotique certes, le harc\u00e8lement sans limite dont sont victimes les fumeurs, \u00e0 mesure que leur nombre diminue. On pouvait penser que tout avait \u00e9t\u00e9 fait pour leur compliquer la vie et simplifier celle de la majorit\u00e9 propre, saine et en ordre. Erreur, il restait un peu de marge et quelques poussi\u00e8res de libert\u00e9 \u00e0 restreindre. Les CFF en effet, apr\u00e8s avoir banni la fum\u00e9e de leurs wagons bond\u00e9s et souvent retardataires, envisagent cette fois de purifier les gares elles-m\u00eames.<\/p>\n<p>Des gares truff\u00e9es de fast-food mais totalement non fumeurs, la malbouffe \u00e9tant sans doute plus tendance, et plus juteuse pour nos Chemins de fer f\u00e9d\u00e9raux, que le tabac. Surtout que les arguments vertueux ne manquent pas\u00a0: r\u00e9duire la pollution au sol induite par les m\u00e9gots n\u00e9gligemment jet\u00e9s, prot\u00e9ger les voyageurs du tabagisme passif. C&rsquo;\u00e9tait donc \u00e7a, se dira le fumeur inv\u00e9t\u00e9r\u00e9, l&rsquo;enfer pav\u00e9 de bonnes intentions: une gare CFF?<\/p>\n<p>Si vous croisez une paysanne en train de fumer sur un quai de gare, dites-vous bien que vous venez de rencontrer la provocation en personne.<\/p>\n","protected":false},"excerpt":{"rendered":"<p>Certaines cat\u00e9gories de citoyens pourraient se plaindre d\u2019\u00eatre plut\u00f4t mal consid\u00e9r\u00e9s. Au hasard, la paysanne qui fume sur un quai de gare.<\/p>\n","protected":false},"author":19223,"featured_media":6742,"comment_status":"closed","ping_status":"closed","sticky":false,"template":"","format":"standard","meta":{"footnotes":""},"categories":[6],"tags":[1298],"class_list":["post-6738","post","type-post","status-publish","format-standard","has-post-thumbnail","hentry","category-glocal","tag-chroniques","glocal"],"aioseo_notices":[],"_links":{"self":[{"href":"https:\/\/largeur.com\/index.php?rest_route=\/wp\/v2\/posts\/6738","targetHints":{"allow":["GET"]}}],"collection":[{"href":"https:\/\/largeur.com\/index.php?rest_route=\/wp\/v2\/posts"}],"about":[{"href":"https:\/\/largeur.com\/index.php?rest_route=\/wp\/v2\/types\/post"}],"author":[{"embeddable":true,"href":"https:\/\/largeur.com\/index.php?rest_route=\/wp\/v2\/users\/19223"}],"replies":[{"embeddable":true,"href":"https:\/\/largeur.com\/index.php?rest_route=%2Fwp%2Fv2%2Fcomments&post=6738"}],"version-history":[{"count":5,"href":"https:\/\/largeur.com\/index.php?rest_route=\/wp\/v2\/posts\/6738\/revisions"}],"predecessor-version":[{"id":6744,"href":"https:\/\/largeur.com\/index.php?rest_route=\/wp\/v2\/posts\/6738\/revisions\/6744"}],"wp:featuredmedia":[{"embeddable":true,"href":"https:\/\/largeur.com\/index.php?rest_route=\/wp\/v2\/media\/6742"}],"wp:attachment":[{"href":"https:\/\/largeur.com\/index.php?rest_route=%2Fwp%2Fv2%2Fmedia&parent=6738"}],"wp:term":[{"taxonomy":"category","embeddable":true,"href":"https:\/\/largeur.com\/index.php?rest_route=%2Fwp%2Fv2%2Fcategories&post=6738"},{"taxonomy":"post_tag","embeddable":true,"href":"https:\/\/largeur.com\/index.php?rest_route=%2Fwp%2Fv2%2Ftags&post=6738"}],"curies":[{"name":"wp","href":"https:\/\/api.w.org\/{rel}","templated":true}]}}