



{"id":4941,"date":"2017-08-02T09:59:53","date_gmt":"2017-08-02T07:59:53","guid":{"rendered":"http:\/\/www.largeur.com\/?p=4941"},"modified":"2023-03-06T10:47:15","modified_gmt":"2023-03-06T09:47:15","slug":"innovation-16","status":"publish","type":"post","link":"https:\/\/largeur.com\/?p=4941","title":{"rendered":"A quand des visas \u00abhigh tech\u00bb suisses?"},"content":{"rendered":"<p><img loading=\"lazy\" decoding=\"async\" title=\"Large02_08_2017.png\" src=\"\/wp-content\/uploads\/062017\/Large02_08_2017.png\" alt=\"Large02_08_2017.png\" width=\"468\" height=\"311\" border=\"0\" \/><\/p>\n<p>Ironiquement, la nomination de Donald Trump \u00e0 la pr\u00e9sidence des Etats-Unis pourrait avoir un effet b\u00e9n\u00e9fique sur le d\u00e9veloppement \u00e9conomique de l\u2019Europe et plus particuli\u00e8rement de la Suisse. Le pr\u00e9sident am\u00e9ricain est en effet en train de scier la branche de l\u2019innovation sur laquelle son pays est assis. Il vient de proposer d\u2019abandonner les \u00abhigh skill\u00bb visas r\u00e9serv\u00e9s aux ing\u00e9nieurs et scientifiques \u00e9trangers. Or, la capacit\u00e9 d\u2019attirer les meilleurs talents dans les universit\u00e9s et soci\u00e9t\u00e9s technologiques am\u00e9ricaines a \u00e9t\u00e9 un \u00e9l\u00e9ment crucial du d\u00e9veloppement de l\u2019\u00e9conomie am\u00e9ricaine. A titre indicatif, les Apple, Google, Microsoft et Amazon, fleurons de la Silicon Valley, repr\u00e9sentent aujourd\u2019hui les plus grandes capitalisations boursi\u00e8res mondiales. Pour maintenir leur croissance, ces entreprises doivent constamment engager les meilleurs talents mondiaux. L\u2019abandon par l\u2019administration \u00abTrump\u00bb des visas \u00abhigh tech\u00bb pourrait donc avoir des cons\u00e9quences n\u00e9fastes pour ces derni\u00e8res et pour l\u2019ensemble du secteur de haute technologie am\u00e9ricain.<\/p>\n<p>Ces changements de politique migratoire ne sont pas tomb\u00e9s dans l\u2019oreille d\u2019un sourd, en particulier celle du nouveau pr\u00e9sident fran\u00e7ais Emmanuel Macron. Celui-ci vient de cr\u00e9er le \u00abFrench Tech Visa\u00bb, un visa r\u00e9serv\u00e9 aux fondateurs ou employ\u00e9s de start-up technologiques ainsi qu\u2019aux investisseurs (type \u00abbusiness angels\u00bb) les soutenant. Une proc\u00e9dure acc\u00e9l\u00e9r\u00e9e leur permettra d\u2019obtenir un permis de s\u00e9jour de quatre ans, renouvelable. Ce permis sera \u00e9galement \u00e9largi aux membres de la famille directe, c\u2019est-\u00e0-dire conjoint et enfants. En Suisse, les motions des parlementaires Fathi Derder ou Ruedi Noser, qui proposaient une d\u00e9marche similaire, n\u2019ont malheureusement pas abouti \u00e0 ce jour.<\/p>\n<p>La politique migratoire restrictive de la nouvelle administration am\u00e9ricaine ainsi qu\u2019un certain scepticisme vis-\u00e0-vis de la science (abrogation de l\u2019accord de Paris sur le climat, diminution du financement de la recherche soutenue par le gouvernement f\u00e9d\u00e9ral) pourraient inciter certains des meilleurs scientifiques et entrepreneurs d\u2019origine europ\u00e9enne \u00e9tablis aux Etats-Unis \u00e0 revenir sur le Vieux Continent. Des \u00abreturnee programs\u00bb europ\u00e9ens, inspir\u00e9s de l\u2019exemple chinois, pourraient rapatrier en Europe les talents dont elle a besoin pour d\u00e9velopper son \u00e9conomie \u00abhigh tech\u00bb.<\/p>\n<p><img loading=\"lazy\" decoding=\"async\" class=\"alignnone size-full wp-image-6192\" src=\"http:\/\/ceybhcik.preview.infomaniak.website\/wp-content\/uploads\/2017\/07\/Large02_08_2017.png\" alt=\"\" width=\"468\" height=\"311\" srcset=\"https:\/\/largeur.com\/wp-content\/uploads\/2017\/07\/Large02_08_2017.png 468w, https:\/\/largeur.com\/wp-content\/uploads\/2017\/07\/Large02_08_2017-300x199.png 300w, https:\/\/largeur.com\/wp-content\/uploads\/2017\/07\/Large02_08_2017-272x182.png 272w\" sizes=\"auto, (max-width: 468px) 100vw, 468px\" \/><\/p>\n<p>La Suisse est id\u00e9alement positionn\u00e9e pour b\u00e9n\u00e9ficier de ces changements de politique migratoire am\u00e9ricaine. Notre pays a en effet beaucoup d\u2019atouts pour attirer les meilleurs cerveaux: la qualit\u00e9 de vie, le multilinguisme, l\u2019excellence de nos Hautes Ecoles, la pr\u00e9sence de grands groupes industriels friands de nouvelles technologies. Les importants centres de recherche suisses dans le domaine des technologies de l\u2019information &#8212; tels que ceux de Google, Facebook ou IBM &#8212; pourraient favoriser le d\u00e9veloppement prometteur de la convergence entre la biotechnologie, la nanotechnologie et les technologies de l\u2019information, notamment dans le domaine de la m\u00e9decine personnalis\u00e9e. En effet, la Suisse a beaucoup d\u2019atouts dans le domaine de la sant\u00e9 avec la pr\u00e9sence de g\u00e9ants mondiaux tels que Roche, Novartis, Nestl\u00e9 ou Lonza, ainsi qu\u2019une recherche acad\u00e9mique de pointe.<\/p>\n<p>Paradoxalement, la pr\u00e9sidence \u00abTrump\u00bb pourrait acc\u00e9l\u00e9rer le d\u00e9veloppement de la r\u00e9volution industrielle 4.0 de notre \u00e9conomie, pour autant que notre pays ne fasse pas les m\u00eames erreurs que les Etats-Unis. Mais, s\u2019il vous plait, ne le \u00abtweetez\u00bb pas!<br \/>\n_______<\/p>\n<p>Patrick Aebischer, chercheur en neurosciences, a dirig\u00e9 l\u2019Ecole polytechnique f\u00e9d\u00e9rale de Lausanne (EPFL) de 2000 \u00e0 2016.<\/p>\n<p>Ce texte a \u00e9t\u00e9 publi\u00e9 initialement dans la <a href=\"https:\/\/nzzas.nzz.ch\/\" target=\"_blank\" rel=\"noopener noreferrer\">NZZ am Sonntag<\/a>. Patrick Aebischer s\u2019y prononce r\u00e9guli\u00e8rement sur des questions en lien avec la digitalisation et l\u2019innovation.<\/p>\n","protected":false},"excerpt":{"rendered":"<p>La Suisse et l\u2019Europe pourraient b\u00e9n\u00e9ficier de la politique migratoire restrictive de l\u2019administration Trump. <\/p>\n","protected":false},"author":20226,"featured_media":6192,"comment_status":"closed","ping_status":"closed","sticky":false,"template":"","format":"standard","meta":{"footnotes":""},"categories":[5],"tags":[1298],"class_list":["post-4941","post","type-post","status-publish","format-standard","has-post-thumbnail","hentry","category-latitude","tag-chroniques","latitude"],"aioseo_notices":[],"_links":{"self":[{"href":"https:\/\/largeur.com\/index.php?rest_route=\/wp\/v2\/posts\/4941","targetHints":{"allow":["GET"]}}],"collection":[{"href":"https:\/\/largeur.com\/index.php?rest_route=\/wp\/v2\/posts"}],"about":[{"href":"https:\/\/largeur.com\/index.php?rest_route=\/wp\/v2\/types\/post"}],"author":[{"embeddable":true,"href":"https:\/\/largeur.com\/index.php?rest_route=\/wp\/v2\/users\/20226"}],"replies":[{"embeddable":true,"href":"https:\/\/largeur.com\/index.php?rest_route=%2Fwp%2Fv2%2Fcomments&post=4941"}],"version-history":[{"count":2,"href":"https:\/\/largeur.com\/index.php?rest_route=\/wp\/v2\/posts\/4941\/revisions"}],"predecessor-version":[{"id":13725,"href":"https:\/\/largeur.com\/index.php?rest_route=\/wp\/v2\/posts\/4941\/revisions\/13725"}],"wp:featuredmedia":[{"embeddable":true,"href":"https:\/\/largeur.com\/index.php?rest_route=\/wp\/v2\/media\/6192"}],"wp:attachment":[{"href":"https:\/\/largeur.com\/index.php?rest_route=%2Fwp%2Fv2%2Fmedia&parent=4941"}],"wp:term":[{"taxonomy":"category","embeddable":true,"href":"https:\/\/largeur.com\/index.php?rest_route=%2Fwp%2Fv2%2Fcategories&post=4941"},{"taxonomy":"post_tag","embeddable":true,"href":"https:\/\/largeur.com\/index.php?rest_route=%2Fwp%2Fv2%2Ftags&post=4941"}],"curies":[{"name":"wp","href":"https:\/\/api.w.org\/{rel}","templated":true}]}}