



{"id":4375,"date":"2015-03-12T10:04:34","date_gmt":"2015-03-12T08:04:34","guid":{"rendered":"http:\/\/www.largeur.com\/?p=4375"},"modified":"2015-03-12T10:05:23","modified_gmt":"2015-03-12T08:05:23","slug":"formation","status":"publish","type":"post","link":"https:\/\/largeur.com\/?p=4375","title":{"rendered":"Le prof qui a sauv\u00e9 les \u00e9changes linguistiques"},"content":{"rendered":"<p><img loading=\"lazy\" decoding=\"async\" src=\"\/wp-content\/uploads\/201408\/Large20150311.jpg\" alt=\"Large20150311.jpg\" title=\"Large20150311.jpg\" border=\"0\" height=\"311\" width=\"468\" \/><\/p>\n<p>Pierre Bickel ne veut plus pol\u00e9miquer. L\u2019an dernier, ce remuant enseignant genevois a tout tent\u00e9 pour sauver le Centre des \u00e9changes et s\u00e9jours linguistiques (Cesel) de Gen\u00e8ve, dont il s\u2019est occup\u00e9 durant sept ans. Cette structure permettait \u00e0 des \u00e9l\u00e8ves du secondaire I et II d\u2019effectuer, \u00e0 des tarifs abordables, des \u00e9changes linguistiques en immersion dans une famille en Suisse ou \u00e0 l\u2019\u00e9tranger pour apprendre l\u2019allemand, l\u2019anglais, l\u2019espagnol ou l\u2019italien, et d\u2019accueillir ensuite un partenaire chez eux. Elle a ferm\u00e9 en juillet 2014 sur d\u00e9cision du Conseil d\u2019Etat genevois, pour des raisons budg\u00e9taires. Pierre Bickel a beau avoir alert\u00e9 m\u00e9dias et politiciens pour faire pression sur le gouvernement cantonal, rien n\u2019y a fait.<\/p>\n<p>\u00abJe suis plus que d\u00e9\u00e7u, mais d\u00e9sormais j\u2019ai d\u00e9cid\u00e9 de concentrer mon \u00e9nergie pour aider les \u00e9l\u00e8ves\u00bb, explique le professeur. Avec le soutien de plusieurs coll\u00e8gues, il a alors cr\u00e9\u00e9 en automne dernier, par ses propres moyens, un clone du Cesel: l\u2019Association romande pour les \u00e9changes linguistiques (Arpel). \u00abJe ne voulais pas perdre le savoir-faire et les contacts acquis dans le cadre du Cesel, en particulier en ce qui concerne les destinations anglosaxonnes.\u00bb Parmi les organismes du m\u00eame type en Suisse romande, le Cesel \u00e9tait le seul \u00e0 proposer des \u00e9changes linguistiques pour des pays anglophones et de nombreux \u00e9l\u00e8ves non genevois en profitaient.<\/p>\n<p>Pierre Bickel a convaincu les anciens partenaires du Cesel de le suivre, ce qui lui permet de fournir pratiquement les m\u00eames prestations que l\u2019ancien centre genevois. Son association organise des \u00e9changes de huit \u00e0 onze semaines en Australie, en Nouvelle-Z\u00e9lande, au Canada et en Allemagne. \u00abNous avons conserv\u00e9 l\u2019anglais et l\u2019allemand, mais laiss\u00e9 tomber l\u2019italien et l\u2019espagnol, trop peu rentables.\u00bb Tous les \u00e9l\u00e8ves romands \u00e2g\u00e9s de 14 \u00e0 17 ans, qu\u2019ils soient scolaris\u00e9s dans une \u00e9cole publique ou priv\u00e9e, peuvent se porter candidats. Pour partir, il faut obtenir l\u2019accord de son \u00e9tablissement, car la sp\u00e9cificit\u00e9 de ces \u00e9changes est que les participants suivent des cours dans l\u2019\u00e9cole de leur bin\u00f4me, et vice versa. \u00abIl ne s\u2019agit pas de vacances!\u00bb<\/p>\n<p>Ce qui a pouss\u00e9 Pierre Bickel \u00e0 donner une deuxi\u00e8me vie au Cesel, c\u2019est qu\u2019il offrait aux \u00e9l\u00e8ves \u00abde vrais \u00e9changes culturels\u00bb: \u00abLe fait que les jeunes se rendent dans l\u2019\u00e9cole de leur partenaire et non pas dans un institut avec d\u2019autres \u00e9tudiants en langues cr\u00e9e une immersion totale. De plus, les \u00e9changes sont bas\u00e9s sur le principe de la r\u00e9ciprocit\u00e9 entre les familles d\u2019accueil, ce qui assure la qualit\u00e9.\u00bb Autre argument: comme les voyages sont int\u00e9gr\u00e9s aux cursus scolaires, il n\u2019est pas n\u00e9cessaire de sacrifier une ann\u00e9e. \u00abEnfin, les \u00e9coles de langues sont beaucoup plus ch\u00e8res.\u00bb<\/p>\n<p>Les prix de l\u2019association du Genevois, justement, sont un peu plus \u00e9lev\u00e9s que ceux du Cesel. \u00abIl faut compter entre 200 et 400 francs de plus par \u00e9l\u00e8ve.\u00bb Un s\u00e9jour de neuf semaines en Nouvelle-Z\u00e9lande co\u00fbte 3800 francs. \u00abLes parents ne paient normalement que le voyage et l\u2019accompagnement. Mais comme nous ne touchons aucune aide publique, il a fallu ajouter un suppl\u00e9ment pour les frais d\u2019administration, qui \u00e9taient auparavant pris en charge par l\u2019Etat de Gen\u00e8ve.\u00bb<\/p>\n<p>Epaul\u00e9 par une secr\u00e9taire quasiment b\u00e9n\u00e9vole, Pierre Bickel doit tout g\u00e9rer lui-m\u00eame, du d\u00e9pliant de pr\u00e9sentation au site web en passant par l\u2019organisation des \u00e9changes. \u00abActuellement, j\u2019y consacre environ une heure par jour. Quand tous les dossiers d\u2019inscription seront arriv\u00e9s \u00e0 la mi-mars, il faudra r\u00e9aliser un entretien de quinze minutes avec chaque \u00e9l\u00e8ve.\u00bb<\/p>\n<p>Qu\u2019en est-il des fonds de d\u00e9part? \u00abJ\u2019ai tout avanc\u00e9 de ma poche. Le site internet a \u00e9t\u00e9 con\u00e7u par mon fils. Les billets d\u2019avion constituent le poste de d\u00e9pense le plus important. J\u2019ai effectu\u00e9 une centaine de pr\u00e9r\u00e9servations au mois de d\u00e9cembre, pour lesquelles j\u2019ai d\u00fb d\u00e9poser 15 000 francs de garantie. J\u2019esp\u00e8re r\u00e9cup\u00e9rer ma mise. Pour cela, il me faudrait id\u00e9alement une centaine d\u2019inscriptions. Je dois en \u00eatre \u00e0 vingt. C\u2019est un pari!\u00bb<\/p>\n<p>Le but de l\u2019enseignant n\u2019est pas de gagner de l\u2019argent, mais de \u00abtransformer l\u2019Arpel en une structure institutionnelle au niveau romand d\u2019ici \u00e0 un \u00e0 deux ans\u00bb. \u00abJe sers de passerelle. Se reposer enti\u00e8rement sur le b\u00e9n\u00e9volat, je ne pense pas que ce soit viable \u00e0 long terme.\u00bb<br \/>\n_______<\/p>\n<p>Une version de cet article est parue dans L&rsquo;Hebdo.<\/p>\n","protected":false},"excerpt":{"rendered":"<p>Depuis la fermeture du Centre des \u00e9changes et s\u00e9jours linguistiques par le Conseil d&rsquo;Etat genevois, Pierre Bickel se bat pour continuer de proposer des programmes en immersion pour les adolescents. <\/p>\n","protected":false},"author":19892,"featured_media":0,"comment_status":"open","ping_status":"closed","sticky":false,"template":"","format":"standard","meta":{"footnotes":""},"categories":[5],"tags":[],"class_list":["post-4375","post","type-post","status-publish","format-standard","hentry","category-latitude","latitude"],"aioseo_notices":[],"_links":{"self":[{"href":"https:\/\/largeur.com\/index.php?rest_route=\/wp\/v2\/posts\/4375","targetHints":{"allow":["GET"]}}],"collection":[{"href":"https:\/\/largeur.com\/index.php?rest_route=\/wp\/v2\/posts"}],"about":[{"href":"https:\/\/largeur.com\/index.php?rest_route=\/wp\/v2\/types\/post"}],"author":[{"embeddable":true,"href":"https:\/\/largeur.com\/index.php?rest_route=\/wp\/v2\/users\/19892"}],"replies":[{"embeddable":true,"href":"https:\/\/largeur.com\/index.php?rest_route=%2Fwp%2Fv2%2Fcomments&post=4375"}],"version-history":[{"count":0,"href":"https:\/\/largeur.com\/index.php?rest_route=\/wp\/v2\/posts\/4375\/revisions"}],"wp:attachment":[{"href":"https:\/\/largeur.com\/index.php?rest_route=%2Fwp%2Fv2%2Fmedia&parent=4375"}],"wp:term":[{"taxonomy":"category","embeddable":true,"href":"https:\/\/largeur.com\/index.php?rest_route=%2Fwp%2Fv2%2Fcategories&post=4375"},{"taxonomy":"post_tag","embeddable":true,"href":"https:\/\/largeur.com\/index.php?rest_route=%2Fwp%2Fv2%2Ftags&post=4375"}],"curies":[{"name":"wp","href":"https:\/\/api.w.org\/{rel}","templated":true}]}}