



{"id":4330,"date":"2015-01-08T16:05:02","date_gmt":"2015-01-08T14:05:02","guid":{"rendered":"http:\/\/www.largeur.com\/?p=4330"},"modified":"2017-07-12T11:21:26","modified_gmt":"2017-07-12T09:21:26","slug":"suisse-111","status":"publish","type":"post","link":"https:\/\/largeur.com\/?p=4330","title":{"rendered":"Et pendant ce temps\u2026"},"content":{"rendered":"<p><img loading=\"lazy\" decoding=\"async\" src=\"\/wp-content\/uploads\/201408\/charlie.jpg\" title=\"charlie.jpg\" alt=\"charlie.jpg\" border=\"0\" height=\"311\" width=\"468\" \/><\/p>\n<p>Evidemment. A l\u2019aune de certains \u00e9v\u00e9nements, les premi\u00e8res bulles du brouet politique suisse 2015 semblent bien anodines, pour ne pas dire trivialement insignifiantes.<\/p>\n<p>On aura ainsi failli se \u00abr\u00e9jouir\u00bb &#8212; discr\u00e8tement toutefois, il y a quand m\u00eame pr\u00e9somption de viol &#8212; qu\u2019 un \u00e9pisode people bien trash vienne pour une fois relever la morne soupe habituelle du landerneau public. Avec cette invraisemblable histoire de la coucherie, consentante ou forc\u00e9e selon la version des parties, entre un \u00e9lu UDC et une \u00e9lue Verte. Oui se r\u00e9jouir de voir enfin cette classe politique l\u00e2cher sa morne biens\u00e9ance, pas un mot plus fort, pas un geste plus haut que l\u2019autre, tous sages, responsables, propres en ordre, sans malice, humour, ni passion.<\/p>\n<p>Ou encore se d\u00e9soler des timidit\u00e9s du Conseil f\u00e9d\u00e9ral face \u00e0 l\u2019urgence d\u2019un accueil des r\u00e9fugi\u00e9s syriens. Timidit\u00e9s d\u2019autant plus visibles que c\u2019est un \u00e9lu UDC qui est venu rappeler \u00e0 la pr\u00e9sidente Sommaruga et au gouvernement qu\u2019une disposition existait dans la loi permettant un accueil temporaire. Un permis S \u00e9vitant les lourdeurs des proc\u00e9dures de l&rsquo;asile, toujours inop\u00e9rantes  pour des personnes particuli\u00e8rement et imm\u00e9diatement menac\u00e9es.<\/p>\n<p>S\u2019esclaffer devant la tentation de l\u2019UDC de c\u00e9l\u00e9brer les 500 ans de ce qui fut pourtant une rouste m\u00e9morable: Marignan 1515, \u00abla pire d\u00e9faite militaire de l\u2019histoire suisse\u00bb comme persiffle le pr\u00e9sident du PS Christian Levrat. Il n\u2019en est pas moins curieux de voir le m\u00eame Levrat opposer \u00e0 celle de 1515, comme mod\u00e8le fondateur, la Suisse de 1848, autrement dit celle des radicaux.<\/p>\n<p>Ou encore d\u00e9guster lentement, ann\u00e9e \u00e9lectorale oblige, et comme on ferait d\u2019un vin douteux, la gorge qui se contracte, la glotte qui frisonne, les slogans tout beaux tout neufs concoct\u00e9s par les quatre grandes formations gouvernementales.<\/p>\n<p>Trouver celui des radicaux (\u00abLibert\u00e9, coh\u00e9sion et innovation\u00bb) un rien militaire et poil au menton. M\u00eame la tr\u00e8s radicol\u00e2tre Marie-H\u00e8l\u00e8ne Miauton d\u00e9cr\u00e8te cela \u00abtrop \u00e9litiste\u00bb, c\u2019est dire.<\/p>\n<p>Juger celui des socialistes (\u00abPour tous, sans privil\u00e8ges!\u00bb) bien meilleur que son contraire (\u00abPour personne, avec plein d\u2019injustices\u00bb).<\/p>\n<p>Estimer l\u2019impr\u00e9cation de l\u2019UDC (\u00abRester libre!\u00bb) digne d\u2019un couplet de basse vari\u00e9t\u00e9, \u00e0 brailler en fin de soir\u00e9e, par exemple sur l\u2019air de \u00abcasser la voix\u00bb. Comme le fait justement remarquer le consultant Marc Comina, \u00ab\u00e7a manque un peu d\u2019\u00e9motion, personne n\u2019a peur de perdre sa libert\u00e9 en Suisse\u00bb. A part peut-\u00eatre son plus c\u00e9l\u00e8bre client, Dominique Giroud, mais c\u2019est une autre histoire.<\/p>\n<p>Franchement d\u00e9tester enfin, la fausse familiarit\u00e9 du PDC, cet insupportable tutoiement des fourgueurs de t\u00e9l\u00e9phones dernier cri \u00e0 des adolescents suppos\u00e9s d\u00e9c\u00e9r\u00e9br\u00e9s: \u00abFais-le pour ta famille. Ta voix compte\u00bb. Oh, Darbellay, tu parles \u00e0 des adultes, sais-tu?<\/p>\n<p>Et encore dans la foul\u00e9e, on aurait pu s\u2019offusquer de la basse tentative du Conseiller f\u00e9d\u00e9ral Berset de s\u2019en prendre aux franchises hautes, de p\u00e9naliser les gens en bonne sant\u00e9 d\u2019avoir l\u2019outrecuidance de se bien porter.<\/p>\n<p>S\u2019\u00e9tonner enfin du faible taux de citoyens suisses ayant r\u00e9pondu \u00abchef, oui, chef\u00bb \u00e0 la question d\u2019un sondage plut\u00f4t idiot (\u00abPartiriez-vous en guerre pour votre patrie?\u00bb). Un mis\u00e9rable 39%. Serait-ce que depuis Marignan, le conf\u00e9d\u00e9r\u00e9 n\u2019y croit plus trop? Certes c\u2019est bien plus que les Japonais (11%) qui ont du se dire que si c\u2019\u00e9tait \u00e0 la fin pour se prendre des bombes atomiques sur la gueule, autant rester couch\u00e9s. Mais beaucoup moins que les valeureux guerriers des Iles Fidji (94%) ou que les tr\u00e8s combatifs djihadistes marocains (98%).<\/p>\n<p>Oui on aurait pu. Evidemment. Mais voil\u00e0.<\/p>\n","protected":false},"excerpt":{"rendered":"<p>\u2026dans le landerneau politique, la vie continue, entre faits divers sordides, comm\u00e9moration d\u00e9faitiste, forfaitures et slogans an\u00e9miques.<\/p>\n","protected":false},"author":19223,"featured_media":0,"comment_status":"open","ping_status":"closed","sticky":false,"template":"","format":"standard","meta":{"footnotes":""},"categories":[6],"tags":[1298],"class_list":["post-4330","post","type-post","status-publish","format-standard","hentry","category-glocal","tag-chroniques","glocal"],"aioseo_notices":[],"_links":{"self":[{"href":"https:\/\/largeur.com\/index.php?rest_route=\/wp\/v2\/posts\/4330","targetHints":{"allow":["GET"]}}],"collection":[{"href":"https:\/\/largeur.com\/index.php?rest_route=\/wp\/v2\/posts"}],"about":[{"href":"https:\/\/largeur.com\/index.php?rest_route=\/wp\/v2\/types\/post"}],"author":[{"embeddable":true,"href":"https:\/\/largeur.com\/index.php?rest_route=\/wp\/v2\/users\/19223"}],"replies":[{"embeddable":true,"href":"https:\/\/largeur.com\/index.php?rest_route=%2Fwp%2Fv2%2Fcomments&post=4330"}],"version-history":[{"count":1,"href":"https:\/\/largeur.com\/index.php?rest_route=\/wp\/v2\/posts\/4330\/revisions"}],"predecessor-version":[{"id":5117,"href":"https:\/\/largeur.com\/index.php?rest_route=\/wp\/v2\/posts\/4330\/revisions\/5117"}],"wp:attachment":[{"href":"https:\/\/largeur.com\/index.php?rest_route=%2Fwp%2Fv2%2Fmedia&parent=4330"}],"wp:term":[{"taxonomy":"category","embeddable":true,"href":"https:\/\/largeur.com\/index.php?rest_route=%2Fwp%2Fv2%2Fcategories&post=4330"},{"taxonomy":"post_tag","embeddable":true,"href":"https:\/\/largeur.com\/index.php?rest_route=%2Fwp%2Fv2%2Ftags&post=4330"}],"curies":[{"name":"wp","href":"https:\/\/api.w.org\/{rel}","templated":true}]}}