



{"id":384,"date":"2000-04-16T00:00:00","date_gmt":"2000-04-15T22:00:00","guid":{"rendered":"http:\/\/www.largeur.com\/?p=384"},"modified":"-0001-11-30T00:00:00","modified_gmt":"-0001-11-29T22:00:00","slug":"suisse","status":"publish","type":"post","link":"https:\/\/largeur.com\/?p=384","title":{"rendered":"Les socialistes h\u00e9sitent \u00e0 entrer dans le XXIe si\u00e8cle"},"content":{"rendered":"<p>On savait le parti socialiste suisse en crise rampante depuis le d\u00e9part de Peter Bodenmann, mais personne n\u2019en avait mesur\u00e9 la profondeur. Depuis la d\u00e9mission surprise d\u2019Ursula Koch samedi apr\u00e8s-midi, le doute n\u2019est plus permis: c\u2019est un v\u00e9ritable travail de refondation auquel devra proc\u00e9der le PS au cours de ces prochaines ann\u00e9es. Il para\u00eet \u00e9vident que les solutions qui seront pr\u00e9sent\u00e9es au prochain congr\u00e8s de Lugano en octobre ne pourront \u00eatre que les pr\u00e9mices de ce renouveau tant la t\u00e2che est immense.<\/p>\n<p>Le contexte dans lequel la pr\u00e9sidente du parti a renonc\u00e9 \u00e0 sa t\u00e2che donne d\u00e9j\u00e0 les lignes directrices du d\u00e9bat futur. La maladie d\u2019Ursula Koch n\u2019est pas diplomatique. Elle a r\u00e9ellement craqu\u00e9, c\u2019est du moins l&rsquo;avis de tous les dirigeants socialistes que nous avons interrog\u00e9s \u00e0 vif samedi apr\u00e8s-midi. Mais chacun s\u2019accordait aussi \u00e0 lier cette maladie au stress support\u00e9 au cours de ces derniers mois par la pr\u00e9sidente. Le plus clair dans l\u2019implication politique de cette d\u00e9mission fut Werner Carobbio, le patron des socialistes tessinois, qui laissa tomber un peu d\u00e9sabus\u00e9: \u00abCette d\u00e9mission soudaine signifie que la crise est vraiment tr\u00e8s profonde\u00bb.<\/p>\n<p>Comme l\u2019a rapport\u00e9 l&rsquo;hebdomadaire dimanche.ch, l\u2019ultime mise \u00e0 feu est venue de la controverse sur l\u2019AVS. D\u00e9but mars, Ursula Koch a fait circuler un document de travail sur l\u2019AVS au sein des instances dirigeantes du parti. Un document tr\u00e8s mal re\u00e7u parce que Koch y pr\u00f4nait l\u2019abandon du concept classique de l\u2019AVS, au profit d\u2019une r\u00e9forme en profondeur mettant l\u2019accent non plus sur les travailleurs, mais sur les d\u00e9munis.<\/p>\n<p>Les femmes, les enfants, les malades et les pauvres \u00e9taient appel\u00e9s \u00e0 devenir l\u2019objet premier de cette assurance nouveau style. Mon confr\u00e8re du Sonntagsblick qui s\u2019est procur\u00e9 le document pr\u00e9tend que l\u2019accueil r\u00e9serv\u00e9 par la direction du PS \u00e0 cette proposition aurait \u00e9t\u00e9 glacial, que d\u2019aucuns auraient m\u00eame compar\u00e9 cette nouvelle politique sociale aux positions de Blocher sur l\u2019Etat charitable: les salari\u00e9s n\u2019ont qu\u2019\u00e0 se d\u00e9brouiller pour composer leur capital de retraite, l\u2019Etat ne devant intervenir que pour les pauvres.<\/p>\n<p>Sans aller aussi loin, on peut tout de m\u00eame y voir la patte du blairisme fort \u00e0 la mode dans l\u2019Europe de gauche.<\/p>\n<p>Est-ce par r\u00e9action \u00e0 ce document que des socialistes b\u00e2lois et vaudois se sont h\u00e2t\u00e9s de pr\u00e9parer un projet d\u2019initiative populaire \u00abPour une AVS s\u00fbre\u00bb pr\u00e9voyant le financement de l\u2019assurance par les b\u00e9n\u00e9fices de la Banque Nationale et en cas de n\u00e9cessit\u00e9 par l\u2019introduction d\u2019un imp\u00f4t f\u00e9d\u00e9ral sur les successions? On le saura peut-\u00eatre ces jours prochains quand les langues se d\u00e9lieront. Ce qui para\u00eet \u00e9tabli, c\u2019est que ce projet aurait \u00e9t\u00e9 pr\u00e9sent\u00e9 au public sans qu\u2019Ursula Koch en soit inform\u00e9e, ce qui expliquerait sa tr\u00e8s vive r\u00e9action dans les m\u00e9dias al\u00e9maniques jeudi dernier.<\/p>\n<p>Mais au-del\u00e0 de l\u2019AVS, il y a d\u00e9j\u00e0 eu les probl\u00e8mes caus\u00e9s par les privatisations, notamment celle de Swisscom, qu\u2019une bonne partie des socialistes n\u2019a pas dig\u00e9r\u00e9e.<\/p>\n<p>Ces \u00e9l\u00e9ments montrent bien que le socialisme suisse est \u00e0 un tournant de son histoire, comme du reste tous les autres partis. Depuis le tournant pris en 1937 lors de l\u2019acceptation d\u2019une part de la paix du travail et d\u2019autre part de la d\u00e9fense nationale, le PS n\u2019a pratiquement pas chang\u00e9 sa ligne politique. Son entr\u00e9e au gouvernement dans le cadre de la formule magique en 1959 ne lui demanda aucune adaptation: c\u2019est la droite bourgeoise qui, prenant acte d\u2019une politique de collaboration v\u00e9rifi\u00e9e pendant vingt ans, leva son veto.<\/p>\n<p>Pendant toute la guerre froide, le PS comme les partis bourgeois maintint la fiction d\u2019un Etat sacrifiant \u00e0 l\u2019\u00e9conomie lib\u00e9rale alors que, par crainte d\u2019une r\u00e9volution bien hypoth\u00e9tique, tous les secteurs \u00e9taient contr\u00f4l\u00e9s, cartellis\u00e9s, r\u00e9glement\u00e9s, voire m\u00eame subventionn\u00e9s comme ce fut le cas pour l\u2019agriculture ch\u00e8re \u00e0 l\u2019UDC.<\/p>\n<p>Or de m\u00eame que cette UDC est en crise en raison d\u2019un aggiornamento n\u00e9cessaire et qu\u2019elle h\u00e9site entre Ogi et Blocher, entre l\u2019involution et l\u2019\u00e9volution, le PS se trouve aujourd\u2019hui \u00e0 la crois\u00e9e des chemins.<\/p>\n<p>La direction qu\u2019il s\u2019est donn\u00e9e pour aller au congr\u00e8s d\u2019octobre ne porte pas en elle l\u2019esprit d\u2019innovation. Pierre Aeby, pr\u00e9sident int\u00e9rimaire, est sur le d\u00e9part. Il sera \u00e9paul\u00e9 par un \u00abgroupe de travail\u00bb (ressemblant fort \u00e0 un comit\u00e9 des sages) compos\u00e9 de Ruth Dreifuss, Christiane Brunner et Franco Cavalli.<\/p>\n<p>Dreifuss et Brunner sont de solides social-d\u00e9mocrates \u00e0 l\u2019ancienne ayant fait l\u2019essentiel de leur carri\u00e8re dans le syndicalisme, donc form\u00e9es \u00e0 la cogestion. Toutefois, elles ne sont parvenues ni l\u2019une ni l\u2019autre \u00e0 redonner vie \u00e0 des syndicats qui s\u00e8chent sur pied. Une fois au gouvernement, Dreifuss n\u2019a pas particuli\u00e8rement brill\u00e9 sur les dossiers o\u00f9 on l\u2019attendait. La sant\u00e9 est un d\u00e9sastre et l\u2019AVS un point d\u2019interrogation. Quant \u00e0 Cavalli, c\u2019est un sympathique zapatiste dot\u00e9 d\u2019une belle dose d\u2019opportunisme. Mais personne ne l\u2019a jamais vu attacher son nom \u00e0 une id\u00e9e. Ce trio disparate saura-t-il faire entrer le socialisme suisse dans le XXIe si\u00e8cle?<\/p>\n<p>Il est permis d\u2019en douter.<\/p>\n","protected":false},"excerpt":{"rendered":"<p>La d\u00e9mission d&rsquo;Ursula Koch d\u00e9montre que la crise est profonde au sein du parti socialiste suisse. Un immense travail de refondation s&rsquo;annonce.<\/p>\n","protected":false},"author":26,"featured_media":0,"comment_status":"open","ping_status":"","sticky":false,"template":"","format":"standard","meta":{"footnotes":""},"categories":[6],"tags":[],"class_list":["post-384","post","type-post","status-publish","format-standard","hentry","category-glocal","glocal"],"aioseo_notices":[],"aioseo_head":"\n\t\t<!-- All in One SEO 5.0.1.1 - aioseo.com -->\n\t<meta name=\"robots\" content=\"max-image-preview:large\" \/>\n\t<meta name=\"author\" content=\"G\u00e9rard Delaloye\"\/>\n\t<meta name=\"keywords\" content=\"glocal\" \/>\n\t<link rel=\"canonical\" href=\"https:\/\/largeur.com\/?p=384\" \/>\n\t<meta name=\"generator\" content=\"All in One SEO (AIOSEO) 5.0.1.1\" \/>\n\t\t<meta property=\"og:locale\" content=\"fr_FR\" \/>\n\t\t<meta property=\"og:site_name\" content=\"Largeur.com |\" \/>\n\t\t<meta property=\"og:type\" content=\"article\" \/>\n\t\t<meta property=\"og:title\" content=\"Les socialistes h\u00e9sitent \u00e0 entrer dans le XXIe si\u00e8cle | Largeur.com\" \/>\n\t\t<meta property=\"og:url\" content=\"https:\/\/largeur.com\/?p=384\" \/>\n\t\t<meta property=\"article:published_time\" content=\"-001-11-30T00:00:00+00:00\" \/>\n\t\t<meta property=\"article:modified_time\" content=\"-001-11-30T00:00:00+00:00\" \/>\n\t\t<meta name=\"twitter:card\" content=\"summary_large_image\" \/>\n\t\t<meta name=\"twitter:title\" content=\"Les socialistes h\u00e9sitent \u00e0 entrer dans le XXIe si\u00e8cle | Largeur.com\" \/>\n\t\t<script type=\"application\/ld+json\" class=\"aioseo-schema\">\n\t\t\t{\"@context\":\"https:\\\/\\\/schema.org\",\"@graph\":[{\"@type\":\"Article\",\"@id\":\"https:\\\/\\\/largeur.com\\\/?p=384#article\",\"name\":\"Les socialistes h\\u00e9sitent \\u00e0 entrer dans le XXIe si\\u00e8cle | Largeur.com\",\"headline\":\"Les socialistes h\\u00e9sitent \\u00e0 entrer dans le XXIe si\\u00e8cle\",\"author\":{\"@id\":\"https:\\\/\\\/largeur.com\\\/?author=26#author\"},\"publisher\":{\"@id\":\"https:\\\/\\\/largeur.com\\\/#organization\"},\"datePublished\":\"2000-04-16T00:00:00+02:00\",\"dateModified\":\"-0001-11-30T00:00:00+00:09\",\"inLanguage\":\"fr-FR\",\"mainEntityOfPage\":{\"@id\":\"https:\\\/\\\/largeur.com\\\/?p=384#webpage\"},\"isPartOf\":{\"@id\":\"https:\\\/\\\/largeur.com\\\/?p=384#webpage\"},\"articleSection\":\"GLOCAL\"},{\"@type\":\"BreadcrumbList\",\"@id\":\"https:\\\/\\\/largeur.com\\\/?p=384#breadcrumblist\",\"itemListElement\":[{\"@type\":\"ListItem\",\"@id\":\"https:\\\/\\\/largeur.com#listItem\",\"position\":1,\"name\":\"Domicile\",\"item\":\"https:\\\/\\\/largeur.com\",\"nextItem\":{\"@type\":\"ListItem\",\"@id\":\"https:\\\/\\\/largeur.com\\\/?cat=6#listItem\",\"name\":\"GLOCAL\"}},{\"@type\":\"ListItem\",\"@id\":\"https:\\\/\\\/largeur.com\\\/?cat=6#listItem\",\"position\":2,\"name\":\"GLOCAL\",\"item\":\"https:\\\/\\\/largeur.com\\\/?cat=6\",\"nextItem\":{\"@type\":\"ListItem\",\"@id\":\"https:\\\/\\\/largeur.com\\\/?p=384#listItem\",\"name\":\"Les socialistes h\\u00e9sitent \\u00e0 entrer dans le XXIe si\\u00e8cle\"},\"previousItem\":{\"@type\":\"ListItem\",\"@id\":\"https:\\\/\\\/largeur.com#listItem\",\"name\":\"Domicile\"}},{\"@type\":\"ListItem\",\"@id\":\"https:\\\/\\\/largeur.com\\\/?p=384#listItem\",\"position\":3,\"name\":\"Les socialistes h\\u00e9sitent \\u00e0 entrer dans le XXIe si\\u00e8cle\",\"previousItem\":{\"@type\":\"ListItem\",\"@id\":\"https:\\\/\\\/largeur.com\\\/?cat=6#listItem\",\"name\":\"GLOCAL\"}}]},{\"@type\":\"Organization\",\"@id\":\"https:\\\/\\\/largeur.com\\\/#organization\",\"name\":\"Largeur.com\",\"url\":\"https:\\\/\\\/largeur.com\\\/\"},{\"@type\":\"Person\",\"@id\":\"https:\\\/\\\/largeur.com\\\/?author=26#author\",\"url\":\"https:\\\/\\\/largeur.com\\\/?author=26\",\"name\":\"G\\u00e9rard Delaloye\",\"image\":{\"@type\":\"ImageObject\",\"@id\":\"https:\\\/\\\/largeur.com\\\/?p=384#authorImage\",\"url\":\"https:\\\/\\\/secure.gravatar.com\\\/avatar\\\/0fda9f1e6020d13d21216ca75f3c8101540d9fbc76557162c8957b730681a5c3?s=96&d=mm&r=g\",\"width\":96,\"height\":96,\"caption\":\"G\\u00e9rard Delaloye\"}},{\"@type\":\"WebPage\",\"@id\":\"https:\\\/\\\/largeur.com\\\/?p=384#webpage\",\"url\":\"https:\\\/\\\/largeur.com\\\/?p=384\",\"name\":\"Les socialistes h\\u00e9sitent \\u00e0 entrer dans le XXIe si\\u00e8cle | Largeur.com\",\"inLanguage\":\"fr-FR\",\"isPartOf\":{\"@id\":\"https:\\\/\\\/largeur.com\\\/#website\"},\"breadcrumb\":{\"@id\":\"https:\\\/\\\/largeur.com\\\/?p=384#breadcrumblist\"},\"author\":{\"@id\":\"https:\\\/\\\/largeur.com\\\/?author=26#author\"},\"creator\":{\"@id\":\"https:\\\/\\\/largeur.com\\\/?author=26#author\"},\"datePublished\":\"2000-04-16T00:00:00+02:00\",\"dateModified\":\"-0001-11-30T00:00:00+00:09\"},{\"@type\":\"WebSite\",\"@id\":\"https:\\\/\\\/largeur.com\\\/#website\",\"url\":\"https:\\\/\\\/largeur.com\\\/\",\"name\":\"Largeur.com\",\"inLanguage\":\"fr-FR\",\"publisher\":{\"@id\":\"https:\\\/\\\/largeur.com\\\/#organization\"}}]}\n\t\t<\/script>\n\t\t<!-- All in One SEO -->\n\n","aioseo_head_json":{"title":"Les socialistes h\u00e9sitent \u00e0 entrer dans le XXIe si\u00e8cle | Largeur.com","description":"","canonical_url":"https:\/\/largeur.com\/?p=384","robots":"max-image-preview:large","keywords":"glocal","webmasterTools":{"miscellaneous":""},"schema":{"@context":"https:\/\/schema.org","@graph":[{"@type":"Article","@id":"https:\/\/largeur.com\/?p=384#article","name":"Les socialistes h\u00e9sitent \u00e0 entrer dans le XXIe si\u00e8cle | Largeur.com","headline":"Les socialistes h\u00e9sitent \u00e0 entrer dans le XXIe si\u00e8cle","author":{"@id":"https:\/\/largeur.com\/?author=26#author"},"publisher":{"@id":"https:\/\/largeur.com\/#organization"},"datePublished":"2000-04-16T00:00:00+02:00","dateModified":"-0001-11-30T00:00:00+00:09","inLanguage":"fr-FR","mainEntityOfPage":{"@id":"https:\/\/largeur.com\/?p=384#webpage"},"isPartOf":{"@id":"https:\/\/largeur.com\/?p=384#webpage"},"articleSection":"GLOCAL"},{"@type":"BreadcrumbList","@id":"https:\/\/largeur.com\/?p=384#breadcrumblist","itemListElement":[{"@type":"ListItem","@id":"https:\/\/largeur.com#listItem","position":1,"name":"Domicile","item":"https:\/\/largeur.com","nextItem":{"@type":"ListItem","@id":"https:\/\/largeur.com\/?cat=6#listItem","name":"GLOCAL"}},{"@type":"ListItem","@id":"https:\/\/largeur.com\/?cat=6#listItem","position":2,"name":"GLOCAL","item":"https:\/\/largeur.com\/?cat=6","nextItem":{"@type":"ListItem","@id":"https:\/\/largeur.com\/?p=384#listItem","name":"Les socialistes h\u00e9sitent \u00e0 entrer dans le XXIe si\u00e8cle"},"previousItem":{"@type":"ListItem","@id":"https:\/\/largeur.com#listItem","name":"Domicile"}},{"@type":"ListItem","@id":"https:\/\/largeur.com\/?p=384#listItem","position":3,"name":"Les socialistes h\u00e9sitent \u00e0 entrer dans le XXIe si\u00e8cle","previousItem":{"@type":"ListItem","@id":"https:\/\/largeur.com\/?cat=6#listItem","name":"GLOCAL"}}]},{"@type":"Organization","@id":"https:\/\/largeur.com\/#organization","name":"Largeur.com","url":"https:\/\/largeur.com\/"},{"@type":"Person","@id":"https:\/\/largeur.com\/?author=26#author","url":"https:\/\/largeur.com\/?author=26","name":"G\u00e9rard Delaloye","image":{"@type":"ImageObject","@id":"https:\/\/largeur.com\/?p=384#authorImage","url":"https:\/\/secure.gravatar.com\/avatar\/0fda9f1e6020d13d21216ca75f3c8101540d9fbc76557162c8957b730681a5c3?s=96&d=mm&r=g","width":96,"height":96,"caption":"G\u00e9rard Delaloye"}},{"@type":"WebPage","@id":"https:\/\/largeur.com\/?p=384#webpage","url":"https:\/\/largeur.com\/?p=384","name":"Les socialistes h\u00e9sitent \u00e0 entrer dans le XXIe si\u00e8cle | Largeur.com","inLanguage":"fr-FR","isPartOf":{"@id":"https:\/\/largeur.com\/#website"},"breadcrumb":{"@id":"https:\/\/largeur.com\/?p=384#breadcrumblist"},"author":{"@id":"https:\/\/largeur.com\/?author=26#author"},"creator":{"@id":"https:\/\/largeur.com\/?author=26#author"},"datePublished":"2000-04-16T00:00:00+02:00","dateModified":"-0001-11-30T00:00:00+00:09"},{"@type":"WebSite","@id":"https:\/\/largeur.com\/#website","url":"https:\/\/largeur.com\/","name":"Largeur.com","inLanguage":"fr-FR","publisher":{"@id":"https:\/\/largeur.com\/#organization"}}]},"og:locale":"fr_FR","og:site_name":"Largeur.com |","og:type":"article","og:title":"Les socialistes h\u00e9sitent \u00e0 entrer dans le XXIe si\u00e8cle | Largeur.com","og:url":"https:\/\/largeur.com\/?p=384","article:published_time":"-001-11-30T00:00:00+00:00","article:modified_time":"-001-11-30T00:00:00+00:00","twitter:card":"summary_large_image","twitter:title":"Les socialistes h\u00e9sitent \u00e0 entrer dans le XXIe si\u00e8cle | Largeur.com"},"aioseo_meta_data":{"post_id":"384","title":null,"description":null,"keywords":null,"keyphrases":null,"primary_term":null,"canonical_url":null,"og_title":null,"og_description":null,"og_object_type":"default","og_image_type":"default","og_image_url":null,"og_image_width":null,"og_image_height":null,"og_image_custom_url":null,"og_image_custom_fields":null,"og_video":null,"og_custom_url":null,"og_article_section":null,"og_article_tags":null,"twitter_use_og":false,"twitter_card":"default","twitter_image_type":"default","twitter_image_url":null,"twitter_image_custom_url":null,"twitter_image_custom_fields":null,"twitter_title":null,"twitter_description":null,"schema":{"blockGraphs":[],"customGraphs":[],"default":{"data":{"Article":[],"Course":[],"Dataset":[],"FAQPage":[],"Movie":[],"Person":[],"Product":[],"ProductReview":[],"Car":[],"Recipe":[],"Service":[],"SoftwareApplication":[],"WebPage":[]},"graphName":"","isEnabled":true},"graphs":[]},"schema_type":"default","schema_type_options":null,"pillar_content":false,"robots_default":true,"robots_noindex":false,"robots_noarchive":false,"robots_nosnippet":false,"robots_nofollow":false,"robots_noimageindex":false,"robots_noodp":false,"robots_notranslate":false,"robots_max_snippet":null,"robots_max_videopreview":null,"robots_max_imagepreview":"large","priority":null,"frequency":null,"local_seo":null,"breadcrumb_settings":null,"limit_modified_date":false,"ai":null,"created":"2024-03-28 18:12:20","updated":"2025-07-09 13:26:21","seo_analyzer_scan_date":null,"focus_keyword":null,"additional_keywords":null,"truseo_locale":null},"aioseo_breadcrumb":"<div class=\"aioseo-breadcrumbs\"><span class=\"aioseo-breadcrumb\">\n\t\t\t<a href=\"https:\/\/largeur.com\" title=\"Domicile\">Domicile<\/a>\n\t\t<\/span><span class=\"aioseo-breadcrumb-separator\">&raquo;<\/span><span class=\"aioseo-breadcrumb\">\n\t\t\t<a href=\"https:\/\/largeur.com\/?cat=6\" title=\"GLOCAL\">GLOCAL\r<\/a>\n\t\t<\/span><span class=\"aioseo-breadcrumb-separator\">&raquo;<\/span><span class=\"aioseo-breadcrumb\">\n\t\t\tLes socialistes h\u00e9sitent \u00e0 entrer dans le XXIe si\u00e8cle\n\t\t<\/span><\/div>","aioseo_breadcrumb_json":[{"label":"Domicile","link":"https:\/\/largeur.com"},{"label":"GLOCAL\r","link":"https:\/\/largeur.com\/?cat=6"},{"label":"Les socialistes h\u00e9sitent \u00e0 entrer dans le XXIe si\u00e8cle","link":"https:\/\/largeur.com\/?p=384"}],"_links":{"self":[{"href":"https:\/\/largeur.com\/index.php?rest_route=\/wp\/v2\/posts\/384","targetHints":{"allow":["GET"]}}],"collection":[{"href":"https:\/\/largeur.com\/index.php?rest_route=\/wp\/v2\/posts"}],"about":[{"href":"https:\/\/largeur.com\/index.php?rest_route=\/wp\/v2\/types\/post"}],"author":[{"embeddable":true,"href":"https:\/\/largeur.com\/index.php?rest_route=\/wp\/v2\/users\/26"}],"replies":[{"embeddable":true,"href":"https:\/\/largeur.com\/index.php?rest_route=%2Fwp%2Fv2%2Fcomments&post=384"}],"version-history":[{"count":0,"href":"https:\/\/largeur.com\/index.php?rest_route=\/wp\/v2\/posts\/384\/revisions"}],"wp:attachment":[{"href":"https:\/\/largeur.com\/index.php?rest_route=%2Fwp%2Fv2%2Fmedia&parent=384"}],"wp:term":[{"taxonomy":"category","embeddable":true,"href":"https:\/\/largeur.com\/index.php?rest_route=%2Fwp%2Fv2%2Fcategories&post=384"},{"taxonomy":"post_tag","embeddable":true,"href":"https:\/\/largeur.com\/index.php?rest_route=%2Fwp%2Fv2%2Ftags&post=384"}],"curies":[{"name":"wp","href":"https:\/\/api.w.org\/{rel}","templated":true}]}}