



{"id":3354,"date":"2011-02-16T19:58:03","date_gmt":"2011-02-16T17:58:03","guid":{"rendered":"http:\/\/www.largeur.com\/?p=3354"},"modified":"2017-07-12T11:29:35","modified_gmt":"2017-07-12T09:29:35","slug":"graffiti","status":"publish","type":"post","link":"https:\/\/largeur.com\/?p=3354","title":{"rendered":"Le street art entre en gare"},"content":{"rendered":"<p><img loading=\"lazy\" decoding=\"async\" src=\"\/wp-content\/uploads\/large170211.jpg\" alt=\"large170211.jpg\" title=\"large170211.jpg\" width=\"468\" height=\"310\" border=\"0\" \/>Sous la protection d\u2019un ange, une dizaine de sprayeurs ont laiss\u00e9 libre cours \u00e0 leur inspiration, du 9 au 13 f\u00e9vrier, en transformant une <a target=\"_blank\" href=\"http:\/\/www.volvoartsession.com\">voiture<\/a> d\u2019un blanc immacul\u00e9 en une \u00ab<a target=\"_blank\" href=\"http:\/\/www.youtube.com\/watch?v=5iO-Ou7PxYo&#038;feature=related\">oeuvre mobile<\/a>\u00bb multicolore qui se d\u00e9placera au prochain salon de l\u2019automobile genevois, avant d\u2019\u00eatre vendue aux ench\u00e8res pour une action caritative. <\/p>\n<p>Dans l\u2019immense hall de la gare centrale de Z\u00fcrich, l\u2019\u00abevent\u00bb a retenu l\u2019attention des milliers de voyageurs qui le traversent chaque jour (environ 350&rsquo;000). A quoi assistons-nous? A la transformation d\u2019une gare en galerie avec la pr\u00e9sence d\u2019acteurs connus du \u00abstreet art\u00bb? Ou, plus banal, \u00e0 la location par une marque de voiture d&rsquo;une surface commerciale \u00e0 une entreprise ferroviaire? Manifestation artistique ou op\u00e9ration de marketing? <\/p>\n<p>Ce vendredi matin, les pendulaires sont nombreux \u00e0 ralentir, \u00e0 s\u2019arr\u00eater m\u00eame, \u00e0 s\u2019interroger. Le d\u00e9cor est bien plant\u00e9: sur sc\u00e8ne, une voiture livr\u00e9e aux bombes d\u2019un sprayeur masqu\u00e9 et encapuchonn\u00e9. Assis \u00e0 quelques m\u00e8tres de l\u00e0, aussi sur l\u2019estrade, des hommes habill\u00e9s de noir, des jolies femmes en combinaison blanche, un personnage aux lunettes \u00e0 montures et verres orange. \u00abEst-ce Michel Comte, le photographe qui documente les transformations?\u00bb, demande ma voisine. Je l\u2019ignore. C\u2019est \u00abl\u2019excellente musique\u00bb qui retient ici le jeune homme que j\u2019interroge sur l\u2019int\u00e9r\u00eat qui est le sien. Plus \u00e2g\u00e9, ce passant me confie qu\u2019il craint que \u00abcela donne de mauvaises id\u00e9es aux jeunes\u00bb. Il est vrai qu\u2019en ville, \u00e9tonnamment d\u2019ailleurs, les carrosseries ne sont pas prises pour cibles par les sprayeurs.<\/p>\n<p>Pr\u00e9sente depuis un certain temps d\u00e9j\u00e0, cette dame se r\u00e9jouit de d\u00e9couvrir que \u00abregardez, ce n\u2019est pas n\u2019importe quoi, c\u2019est une bouche qui appara\u00eet sur les portes de l\u2019auto\u00bb, partage-t-elle, ravie. Le spectacle, intrigant, se d\u00e9roule juste \u00e0 l\u2019aplomb de \u00ab<a target=\"_blank\" href=\"http:\/\/www.flickr.com\/photos\/lafond\/4929927521\/ \">L\u2019ange protecteur<\/a>\u00bb. Une oeuvre command\u00e9e \u00e0 Niki de Saint-Phalle pour c\u00e9l\u00e9brer, en 1997, les cent cinquante ans des chemins de fer en Suisse. <\/p>\n<p>Cette \u0153uvre de onze m\u00e8tres de long fait partie de la collection des \u00abnanas\u00bb, gigantesques figures f\u00e9minines avec lesquelles <a target=\"_blank\" href=\"http:\/\/fr.wikipedia.org\/wiki\/Niki_de_Saint_Phalle\">l\u2019artiste<\/a> a connu le succ\u00e8s. Lors de son accrochage, elle n\u2019a pas suscit\u00e9 autant d\u2019interrogations qu\u2019aujourd\u2019hui les coups de spray des \u00e9mules de Banksy. Quel regard l\u2019ange porte-t-il? D\u00e9pourvu d\u2019yeux, il plane et ne juge pas.<\/p>\n<p>La gare de Z\u00fcrich n\u2019innove pas en invitant des cr\u00e9ateurs \u00e0 s\u2019exprimer dans son espace. On ne compte plus les gares qui se muent de mani\u00e8re \u00e9ph\u00e9m\u00e8re en galeries d\u2019art. Une question surgit n\u00e9anmoins avec cette intervention d\u2019un genre nouveau. R\u00e9guli\u00e8rement, les CFF crient au scandale lorsque, au petit matin, des cheminots d\u00e9couvrent des wagons recouverts de graffitis. Des actes de vandalisme dont les auteurs sont poursuivis en justice. <\/p>\n<p>Qui sait, parmi les artistes \u00e0 l\u2019oeuvre dans le hall, certains ont peut \u00eatre commenc\u00e9 par se faire la main sur une locomotive avant d\u2019\u00eatre reconnus dans le monde de l\u2019art urbain? Et si l\u2019on regrettait un jour d\u2019avoir effac\u00e9 le chef d\u2019oeuvre d\u2019un futur pape du graffiti? <\/p>\n","protected":false},"excerpt":{"rendered":"<p>R\u00e9guli\u00e8rement, les CFF d\u00e9plorent les d\u00e9g\u00e2ts occasionn\u00e9s par des vandales qui sprayent leurs wagons. Ils n\u2019ont cependant pas h\u00e9sit\u00e9 \u00e0 mettre \u00e0 disposition le hall de leur gare zurichoise pour&#8230; une s\u00e9ance de spray. Visite.<\/p>\n","protected":false},"author":375,"featured_media":0,"comment_status":"open","ping_status":"closed","sticky":false,"template":"","format":"standard","meta":{"footnotes":""},"categories":[3],"tags":[1298],"class_list":["post-3354","post","type-post","status-publish","format-standard","hentry","category-pop-culture","tag-chroniques","pop-culture"],"aioseo_notices":[],"_links":{"self":[{"href":"https:\/\/largeur.com\/index.php?rest_route=\/wp\/v2\/posts\/3354","targetHints":{"allow":["GET"]}}],"collection":[{"href":"https:\/\/largeur.com\/index.php?rest_route=\/wp\/v2\/posts"}],"about":[{"href":"https:\/\/largeur.com\/index.php?rest_route=\/wp\/v2\/types\/post"}],"author":[{"embeddable":true,"href":"https:\/\/largeur.com\/index.php?rest_route=\/wp\/v2\/users\/375"}],"replies":[{"embeddable":true,"href":"https:\/\/largeur.com\/index.php?rest_route=%2Fwp%2Fv2%2Fcomments&post=3354"}],"version-history":[{"count":1,"href":"https:\/\/largeur.com\/index.php?rest_route=\/wp\/v2\/posts\/3354\/revisions"}],"predecessor-version":[{"id":5632,"href":"https:\/\/largeur.com\/index.php?rest_route=\/wp\/v2\/posts\/3354\/revisions\/5632"}],"wp:attachment":[{"href":"https:\/\/largeur.com\/index.php?rest_route=%2Fwp%2Fv2%2Fmedia&parent=3354"}],"wp:term":[{"taxonomy":"category","embeddable":true,"href":"https:\/\/largeur.com\/index.php?rest_route=%2Fwp%2Fv2%2Fcategories&post=3354"},{"taxonomy":"post_tag","embeddable":true,"href":"https:\/\/largeur.com\/index.php?rest_route=%2Fwp%2Fv2%2Ftags&post=3354"}],"curies":[{"name":"wp","href":"https:\/\/api.w.org\/{rel}","templated":true}]}}