



{"id":2660,"date":"2008-08-05T00:00:00","date_gmt":"2008-08-04T22:00:00","guid":{"rendered":"http:\/\/www.largeur.com\/?p=2660"},"modified":"2017-07-12T11:30:10","modified_gmt":"2017-07-12T09:30:10","slug":"histoire-4","status":"publish","type":"post","link":"https:\/\/largeur.com\/?p=2660","title":{"rendered":"Le P\u00e8re Roger et Che Guevara: le myst\u00e8re demeure"},"content":{"rendered":"<p>Le 24 juillet dernier, le P\u00e8re Roger Schaller est d\u00e9c\u00e9d\u00e9 dans sa 86\u00e8me ann\u00e9e \u00e0 La Paz, en Bolivie. Avait-il vraiment ferm\u00e9 les yeux du mythique gu\u00e9rillero, comme on a pu le lire dans la n\u00e9crologie du \u00abQuotidien Jurassien\u00bb?<\/p>\n<p>Au sortir de la messe d\u2019adieu c\u00e9l\u00e9br\u00e9e le dimanche 3 ao\u00fbt en l\u2019\u00e9glise de Corban, une de ses petites ni\u00e8ces en est persuad\u00e9e. Elle ajoute qu\u2019il a aussi donn\u00e9 \u00ables derniers sacrements\u00bb au Che. Mais Roger Schaller \u00abn\u2019aimait pas \u00e9voquer cet \u00e9v\u00e9nement et on n\u2019en parlait donc pas en famille\u00bb.<\/p>\n<p>Dans les innombrables biographies qui retracent le parcours de Che Guevara, les versions de sa mort diff\u00e8rent \u00e9norm\u00e9ment. La pr\u00e9sence du missionnaire suisse y est <a href=http:\/\/209.85.135.104\/search?q=cache:fHG9_27tmG4J:www.lostiempos.com\/noticias\/07-10-07\/07_10_07_trag5.php+vallegrande+padre+schaller&#038;hl=fr&#038;ct=clnk&#038;cd=2&#038;gl=ch target=_blank class=std>parfois<\/a> <a href=http:\/\/www.revistappp.com.ar\/phpbb\/viewtopic.php?t=3437&#038;highlight=&#038;sid=8faa6109303feddc8cd893642bd43e6a target=_blank class=std>mentionn\u00e9e<\/a>.<\/p>\n<p>Pas vraiment \u00e9tonnant que le religieux et le Comandante se soient rencontr\u00e9s. Leurs objectifs ne diff\u00e9raient gu\u00e8re: combattre la pauvret\u00e9. D\u2019o\u00f9 leur pr\u00e9sence \u00e0 La Higuera, un village sans ressource. P\u00e8re Roger avouait \u00e0 l\u2019\u00e9poque ne pas adh\u00e9rer aux moyens mis en oeuvre par le combattant marxiste pour arriver \u00e0 ses fins. Lui, messager de Dieu, souhaitait apporter le message d\u2019amour de J\u00e9sus.<\/p>\n<p>Peu apr\u00e8s l\u2019ex\u00e9cution d\u2019Ernesto Che Guevara, l\u2019ambassade de Suisse alerte le P\u00e8re: des menaces p\u00e8sent sur lui, il est accus\u00e9 d\u2019avoir livr\u00e9 le Che. Un nom de plus sur la longue liste des d\u00e9nonciateurs potentiels o\u00f9 figurent R\u00e9gis Debray, Fidel Castro ou Ciro Bustos. <\/p>\n<p>Le missionnaire retourne trois \u00e0 quatre mois en Suisse puis repart poursuivre son minist\u00e8re en Bolivie. Il y passera une cinquantaine d\u2019ann\u00e9es. Tous les deux ou trois ans, il revient quelques semaines dans son village natal, Corban, situ\u00e9 dans la vall\u00e9e de Del\u00e9mont . Pour les gens du coin, c\u2019est un personnage. On sait qu\u2019il vit pour les pauvres et comme les pauvres. <\/p>\n<p>\u00abMieux que ses pairs qui faisaient des conf\u00e9rences, le P\u00e8re Roger, en se baladant \u00e0 v\u00e9lo et en mangeant \u00e0 gauche \u00e0 droite, r\u00e9coltait facilement des fonds\u00bb, affirme Marie-Denise Schaller, une de ses concitoyennes. Elle se souvient que l\u2019homme \u00e0 la grande barbe fleurie \u00abarrivait v\u00eatu de guenilles et qu\u2019il s\u2019agissait de l\u2019habiller pour qu\u2019il ait bonne fa\u00e7on\u00bb. Sa voisine, Claudine Bron, n\u2019oubliera pas la b\u00e9n\u00e9diction de sa maison avec \u00abun tr\u00e8fle cueilli dans le pr\u00e9\u00bb.<\/p>\n<p>Si une statue de sept m\u00e8tres de haut de l\u2019ic\u00f4ne r\u00e9volutionnaire vient d\u2019\u00eatre inaugur\u00e9e en juillet dans la ville bolivienne d\u2019El Alto pour marquer le 80\u00e8me anniversaire de sa naissance, le P\u00e8re Roger avait connu cet honneur de son vivant. En 1997, le maire de Santa Rosa, sa paroisse, \u00e9rigea sa statue en \u00abreconnaissance \u00e0 son immense travail social et religieux\u00bb. <\/p>\n<p>Lors de la c\u00e9r\u00e9monie en son hommage, deux de ses compagnons r\u00e9demptoristes ont  t\u00e9moign\u00e9 de son engagement. Ce d\u00e9fenseur intr\u00e9pide des d\u00e9munis intervenait jusque dans les minist\u00e8res pour tenter d\u2019am\u00e9liorer leurs conditions de vie. Son surnom l\u00e0-bas? \u00abJoya\u00bb, soit bijou en fran\u00e7ais.<\/p>\n","protected":false},"excerpt":{"rendered":"<p>Apr\u00e8s une cinquantaine d\u2019ann\u00e9es pass\u00e9es en Bolivie, o\u00f9 il c\u00f4toya le c\u00e9l\u00e8bre r\u00e9volutionnaire, Roger Schaller est d\u00e9c\u00e9d\u00e9 il y a dix jours. Retour-arri\u00e8re sur un parcours jurassien atypique.<\/p>\n","protected":false},"author":375,"featured_media":0,"comment_status":"open","ping_status":"open","sticky":false,"template":"","format":"standard","meta":{"footnotes":""},"categories":[5],"tags":[1298],"class_list":["post-2660","post","type-post","status-publish","format-standard","hentry","category-latitude","tag-chroniques","latitude"],"aioseo_notices":[],"_links":{"self":[{"href":"https:\/\/largeur.com\/index.php?rest_route=\/wp\/v2\/posts\/2660","targetHints":{"allow":["GET"]}}],"collection":[{"href":"https:\/\/largeur.com\/index.php?rest_route=\/wp\/v2\/posts"}],"about":[{"href":"https:\/\/largeur.com\/index.php?rest_route=\/wp\/v2\/types\/post"}],"author":[{"embeddable":true,"href":"https:\/\/largeur.com\/index.php?rest_route=\/wp\/v2\/users\/375"}],"replies":[{"embeddable":true,"href":"https:\/\/largeur.com\/index.php?rest_route=%2Fwp%2Fv2%2Fcomments&post=2660"}],"version-history":[{"count":1,"href":"https:\/\/largeur.com\/index.php?rest_route=\/wp\/v2\/posts\/2660\/revisions"}],"predecessor-version":[{"id":5727,"href":"https:\/\/largeur.com\/index.php?rest_route=\/wp\/v2\/posts\/2660\/revisions\/5727"}],"wp:attachment":[{"href":"https:\/\/largeur.com\/index.php?rest_route=%2Fwp%2Fv2%2Fmedia&parent=2660"}],"wp:term":[{"taxonomy":"category","embeddable":true,"href":"https:\/\/largeur.com\/index.php?rest_route=%2Fwp%2Fv2%2Fcategories&post=2660"},{"taxonomy":"post_tag","embeddable":true,"href":"https:\/\/largeur.com\/index.php?rest_route=%2Fwp%2Fv2%2Ftags&post=2660"}],"curies":[{"name":"wp","href":"https:\/\/api.w.org\/{rel}","templated":true}]}}