



{"id":2300,"date":"2007-03-18T00:00:00","date_gmt":"2007-03-17T23:00:00","guid":{"rendered":"http:\/\/www.largeur.com\/?p=2300"},"modified":"-0001-11-30T00:00:00","modified_gmt":"-0001-11-29T22:00:00","slug":"chronique","status":"publish","type":"post","link":"https:\/\/largeur.com\/?p=2300","title":{"rendered":"Ma m\u00e9fiance envers Fran\u00e7ois Bayrou"},"content":{"rendered":"<p>Le succ\u00e8s est l\u00e0: depuis quelques jours, le nom de Fran\u00e7ois Bayrou est sur toutes les l\u00e8vres, en une de tous les journaux, au centre de toutes les discussions \u00e0 table ou au bistrot. Ce succ\u00e8s va-t-il trouver dans les urnes les votes qui lui permettraient de prendre de l\u2019\u00e9lan pour redessiner le paysage politique fran\u00e7ais? Il est encore t\u00f4t pour le dire, mais ce n\u2019est pas exclu.<\/p>\n<p>Ce qui est certain par contre, c\u2019est que Bayrou est parvenu \u00e0 se placer au centre du d\u00e9bat au point que nombre de personnes pensent que son discours renvoyant dos \u00e0 dos S\u00e9go et Sarko est novateur.<\/p>\n<p>Je me bornerai \u00e0 ce sujet \u00e0 rappeler qu\u2019en Suisse, o\u00f9 nous ne nous sommes pas vraiment fait une r\u00e9putation d\u2019immenses novateurs, le Nouveau Quotidien (NQ) a \u00e9t\u00e9 lanc\u00e9 en automne 1991 (cela fait bient\u00f4t 20 ans!) sur, entre autres, ce slogan: \u00abGauche, droite? Vous en \u00eates encore l\u00e0?\u00bb<\/p>\n<p>Et je rappellerai que quelques ann\u00e9es auparavant, le parti radical avait tent\u00e9 de se relooker en luttant pour le moins d\u2019Etat.<\/p>\n<p>Je n\u2019ignore pas qu\u2019en faisant ces remarques, je laisse transpara\u00eetre une grande (pour ne pas dire \u00e9norme) m\u00e9fiance envers le candidat centriste \u00e0 la pr\u00e9sidence fran\u00e7aise. Une m\u00e9fiance que, comme chroniqueur politique ancr\u00e9 \u00e0 gauche (j\u2019en suis encore l\u00e0 malgr\u00e9 les ann\u00e9es NQ!), je n\u2019ai jamais cach\u00e9e parce que je pense qu\u2019en politologie comme en histoire, la neutralit\u00e9 et l\u2019objectivit\u00e9 rel\u00e8vent du mythe.<\/p>\n<p>C\u2019est dire que je consid\u00e8re l\u2019attitude des m\u00e9dias qui ont sanctionn\u00e9 Alain Duhamel pour avoir indirectement fait conna\u00eetre son vote en faveur de Bayrou d\u2019une tartuferie indigne.<\/p>\n<p>Ma m\u00e9fiance s\u2019adresse pour commencer au d\u00e9mocrate chr\u00e9tien. Bayrou a commenc\u00e9 son engagement dans ce qui restait du CDS de Lecanuet, lui-m\u00eame issu du MRP, le dernier grand parti d\u00e9mocrate chr\u00e9tien fran\u00e7ais.<\/p>\n<p>En France, le grand acquis du MRP &#8212; au-del\u00e0 d\u2019avoir envoy\u00e9 l\u2019abb\u00e9 Pierre \u00e0 l\u2019Assembl\u00e9e nationale &#8212; est sans aucun doute la participation d\u00e9terminante de quelques-uns de ses dirigeant (Schumann, Pflimlin) \u00e0 la fondation du March\u00e9 commun europ\u00e9en le 25 mars 1957. C\u2019est d\u00e9j\u00e0 beaucoup.<\/p>\n<p>A propos d\u2019Europe, si je partage l\u2019avis de ceux qui voient en Bayrou le plus philoeurop\u00e9en des candidats, il convient de noter que, \u00e9lu \u00e0 Strasbourg lors de la derni\u00e8re \u00e9lection europ\u00e9enne, il a aussit\u00f4t renonc\u00e9 \u00e0 son si\u00e8ge pour rester \u00e0 Paris.<\/p>\n<p>De surcro\u00eet, quoique proeurop\u00e9en, nous l\u2019entendons peu sur les grandes questions europ\u00e9ennes. Dans ses <a href=http:\/\/www.bayrou.fr\/propositions\/ target=_blank class=std>propositions<\/a> programmatiques, il se borne \u00e0 des g\u00e9n\u00e9ralit\u00e9s comme:<\/p>\n<p>\u00abNous savons pourquoi les Fran\u00e7ais ont vot\u00e9 \u00abnon\u00bb. Ils ont trouv\u00e9 le texte de la Constitution europ\u00e9enne illisible. Ils ont pens\u00e9 que cette obscurit\u00e9 \u00e9tait voulue pour faire passer un projet de soci\u00e9t\u00e9, par exemple, mat\u00e9rialiste et marchand, qui n\u2019aurait pas leur accord. Ils ont craint que l\u2019\u00e9largissement continu de l\u2019Union n\u2019enl\u00e8ve \u00e0 l\u2019Europe son identit\u00e9, et que de ce fait, l\u2019Europe se retrouve sans visage et sans m\u00e9moire.\u00bb<\/p>\n<p>Ceci affirm\u00e9 alors que lui-m\u00eame n\u2019a pas lev\u00e9 le petit doigt pour contrer une constitution \u00e9crite par Giscard d\u2019Estaing, fondateur de l\u2019UDF dont lui, Bayrou, assure aujourd\u2019hui la pr\u00e9sidence.<\/p>\n<p>Par ailleurs, apr\u00e8s cinquante ans de chantier europ\u00e9en, les candidats \u00e0 la direction d\u2019un des grands Etats de l\u2019Union europ\u00e9enne ne devraient-il pas s\u2019imposer de tenir des meetings populaires avec discours de circonstance dans des villes comme Berlin et Londres? M\u00eame s\u2019il ne parle ni l\u2019anglais ni l\u2019allemand (comme le laisse supposer la discr\u00e9tion de son CV \u00e0 ce sujet), une telle d\u00e9marche, par son exemplarit\u00e9, d\u00e9cloisonnerait beaucoup l\u2019Europe et commencerait \u00e0 la faire exister dans les t\u00eates, pas seulement dans les circulaires.<\/p>\n<p>Car avant que les hommes politiques organisent des r\u00e9f\u00e9rendums europ\u00e9ens avec une chance de succ\u00e8s comme chacun le promet, il faudrait qu\u2019ils commencent eux par mouiller leur chemise en s\u2019y rendant. Ne serait-ce que pour comparer (en Grande-Bretagne ou en Allemagne par exemple), ou \u00e9valuer l\u2019\u00e9tendue des d\u00e9g\u00e2ts (en Pologne ou en Roumanie).<\/p>\n<p>Ce refus de voir comment vit le peuple europ\u00e9en se retrouve dans la n\u00e9gation par les hommes politiques de la d\u00e9testation suscit\u00e9e par l\u2019euro, monnaie retenue responsable de tous les maux actuels.<\/p>\n<p>Bayrou dans ses propositions n\u2019en parle pas. En campagne \u00e9lectorale, il \u00e9vite comme tout le monde les sujets qui f\u00e2chent.<\/p>\n<p>On dit: \u00abMais c\u2019est le seul qui soit pour l\u2019\u00e9conomie de march\u00e9!\u00bb Sous-entendu: S\u00e9go et Sarko sont d\u2019affreux Franco-fran\u00e7ais dont l\u2019esprit est model\u00e9 par la planification \u00e9conomique h\u00e9rit\u00e9e de l\u2019\u00e9poque du duopole gaullo-communiste. Apr\u00e8s lecture des propositions, je ne vois pas o\u00f9 est la diff\u00e9rence.<\/p>\n<p>Pour lui, l\u2019Europe est la seule r\u00e9ponse possible \u00e0 la mondialisation, mais EDF-GDF doivent rester sous contr\u00f4le de l\u2019Etat, les autoroutes le redevenir. Rien de neuf non plus sur la fonction publique, cette hydre bureaucratique qui r\u00e9pand ses 5,5 millions de t\u00eates sur l\u2019Hexagone!<\/p>\n<p>D\u00e9mocrate chr\u00e9tien venu du centre droite et ancr\u00e9 au centre droite par ses charges \u00e9lectives (pr\u00e9sident de l\u2019UDF) et ses fonctions (ministre de l\u2019Education nationale sous Balladur et Jupp\u00e9), il ne peut pas jouer une autre carte politique que celle-l\u00e0.<\/p>\n<p>Catholique b\u00e9arnais (en B\u00e9arn comme en Valais, on mouille les y et l\u2019on est conservateur de p\u00e8re en fils), p\u00e8re de famille nombreuse, familier de la terre et de l\u2019odeur du crottin, pas sur la paille pour autant, il a un grand avantage sur ses deux concurrents principaux: avoir pendant quelques ann\u00e9es enseign\u00e9 dans un lyc\u00e9e de Pau. Sa culture n\u2019est pas que parisienne et il a c\u00f4toy\u00e9 le monde du travail ailleurs que dans les minist\u00e8res (S\u00e9go) ou les bureaux d\u2019avocats influents (Sarko). Sinon, c\u2019est kif kif.<\/p>\n<p>A cette diff\u00e9rence que n\u2019ayant rien \u00e0 perdre &#8212; son parti l\u2019a d\u00e9j\u00e0 quitt\u00e9 depuis belle lurette pour suivre les Robien, M\u00e9haignerie, Santini et consorts &#8211;, il peut tout risquer.<\/p>\n<p>Aujourd\u2019hui sa strat\u00e9gie est claire: il doit passer avant S\u00e9gol\u00e8ne Royal pour pouvoir comme Chirac il y a 5 ans, rameuter la gauche contre l\u2019\u00e9pouvantail que repr\u00e9sente Sarkozy. L\u00e0 le succ\u00e8s est garanti. La figure inverse est aussi possible, mais plus risqu\u00e9e. Il n\u2019est pas certain que contre Royal, il parviendrait \u00e0 regrouper et entra\u00eener toutes les droites.<\/p>\n<p>Ce qui me para\u00eet \u00e9vident, c\u2019est que, quoiqu\u2019en disent les n\u00e9o-centristes \u00e0 la Cohn-Bendit, un succ\u00e8s de Bayrou provoquerait non seulement l\u2019\u00e9clatement du PS et de l\u2019UMP tels qu\u2019ils sont aujourd\u2019hui (ce qui en soi ne serait pas un mal), mais aussi le retour \u00e0 l\u2019instabilit\u00e9 engendr\u00e9e par les gouvernements centristes. Il n\u2019y a qu\u2019\u00e0 jeter un regard au-del\u00e0 des Alpes dans la cour de Romano Prodi pour imaginer ce que serait l\u2019automne prochain la France bayrouyenne.<\/p>\n<p>Un Etat incapable de d\u00e9cider ne serait-ce qu\u2019un grand chantier, une privatisation, ou, au contraire, une renationalisation. Dans une Italie o\u00f9 les r\u00e9gions, fruits d\u2019anciens Etats disparus depuis peu de temps, permettent malgr\u00e9 tout une articulation d\u00e9centralis\u00e9e de la gestion du pouvoir, c\u2019est d\u00e9j\u00e0 catastrophique.<\/p>\n<p>Dans cette France jacobine, hyper centralis\u00e9e, souverainiste en diable, ce serait encore pire.<\/p>\n<p>On pense avec quelque l\u00e9g\u00e8ret\u00e9 que les maux de la France viennent de sa division en gauche et droite, ce que les longues ann\u00e9es de cohabitation (de centrisme impos\u00e9) avec leur immobilisme forc\u00e9 contredisent.<\/p>\n<p>En r\u00e9alit\u00e9 les maux de la France sont de deux natures, le poids de sa machine \u00e9tatique centralis\u00e9e et une conviction encore diffuse d\u2019\u00eatre une grande puissance. Or aucun des grands candidats ne montre pour l\u2019instant ne serait-ce que l\u2019ombre du d\u00e9sir de mettre ses \u00e9lecteurs devant cette r\u00e9alit\u00e9.<\/p>\n","protected":false},"excerpt":{"rendered":"<p>Pour le candidat centriste, l\u2019Europe est la seule r\u00e9ponse possible \u00e0 la mondialisation. Mais alors pourquoi ne s\u2019impose-t-il pas un grand meeting populaire \u00e0 Berlin ou \u00e0 Londres?<\/p>\n","protected":false},"author":26,"featured_media":0,"comment_status":"open","ping_status":"","sticky":false,"template":"","format":"standard","meta":{"footnotes":""},"categories":[6],"tags":[],"class_list":["post-2300","post","type-post","status-publish","format-standard","hentry","category-glocal","glocal"],"aioseo_notices":[],"aioseo_head":"\n\t\t<!-- All in One SEO 5.0.1.1 - aioseo.com -->\n\t<meta name=\"robots\" content=\"max-image-preview:large\" \/>\n\t<meta name=\"author\" content=\"G\u00e9rard Delaloye\"\/>\n\t<meta name=\"keywords\" content=\"glocal\" \/>\n\t<link rel=\"canonical\" href=\"https:\/\/largeur.com\/?p=2300\" \/>\n\t<meta name=\"generator\" content=\"All in One SEO (AIOSEO) 5.0.1.1\" \/>\n\t\t<meta property=\"og:locale\" content=\"fr_FR\" \/>\n\t\t<meta property=\"og:site_name\" content=\"Largeur.com |\" \/>\n\t\t<meta property=\"og:type\" content=\"article\" \/>\n\t\t<meta property=\"og:title\" content=\"Ma m\u00e9fiance envers Fran\u00e7ois Bayrou | Largeur.com\" \/>\n\t\t<meta property=\"og:url\" content=\"https:\/\/largeur.com\/?p=2300\" \/>\n\t\t<meta property=\"article:published_time\" content=\"-001-11-30T00:00:00+00:00\" \/>\n\t\t<meta property=\"article:modified_time\" content=\"-001-11-30T00:00:00+00:00\" \/>\n\t\t<meta name=\"twitter:card\" content=\"summary_large_image\" \/>\n\t\t<meta name=\"twitter:title\" content=\"Ma m\u00e9fiance envers Fran\u00e7ois Bayrou | Largeur.com\" \/>\n\t\t<script type=\"application\/ld+json\" class=\"aioseo-schema\">\n\t\t\t{\"@context\":\"https:\\\/\\\/schema.org\",\"@graph\":[{\"@type\":\"Article\",\"@id\":\"https:\\\/\\\/largeur.com\\\/?p=2300#article\",\"name\":\"Ma m\\u00e9fiance envers Fran\\u00e7ois Bayrou | Largeur.com\",\"headline\":\"Ma m\\u00e9fiance envers Fran\\u00e7ois Bayrou\",\"author\":{\"@id\":\"https:\\\/\\\/largeur.com\\\/?author=26#author\"},\"publisher\":{\"@id\":\"https:\\\/\\\/largeur.com\\\/#organization\"},\"datePublished\":\"2007-03-18T00:00:00+01:00\",\"dateModified\":\"-0001-11-30T00:00:00+00:09\",\"inLanguage\":\"fr-FR\",\"mainEntityOfPage\":{\"@id\":\"https:\\\/\\\/largeur.com\\\/?p=2300#webpage\"},\"isPartOf\":{\"@id\":\"https:\\\/\\\/largeur.com\\\/?p=2300#webpage\"},\"articleSection\":\"GLOCAL\"},{\"@type\":\"BreadcrumbList\",\"@id\":\"https:\\\/\\\/largeur.com\\\/?p=2300#breadcrumblist\",\"itemListElement\":[{\"@type\":\"ListItem\",\"@id\":\"https:\\\/\\\/largeur.com#listItem\",\"position\":1,\"name\":\"Domicile\",\"item\":\"https:\\\/\\\/largeur.com\",\"nextItem\":{\"@type\":\"ListItem\",\"@id\":\"https:\\\/\\\/largeur.com\\\/?cat=6#listItem\",\"name\":\"GLOCAL\"}},{\"@type\":\"ListItem\",\"@id\":\"https:\\\/\\\/largeur.com\\\/?cat=6#listItem\",\"position\":2,\"name\":\"GLOCAL\",\"item\":\"https:\\\/\\\/largeur.com\\\/?cat=6\",\"nextItem\":{\"@type\":\"ListItem\",\"@id\":\"https:\\\/\\\/largeur.com\\\/?p=2300#listItem\",\"name\":\"Ma m\\u00e9fiance envers Fran\\u00e7ois Bayrou\"},\"previousItem\":{\"@type\":\"ListItem\",\"@id\":\"https:\\\/\\\/largeur.com#listItem\",\"name\":\"Domicile\"}},{\"@type\":\"ListItem\",\"@id\":\"https:\\\/\\\/largeur.com\\\/?p=2300#listItem\",\"position\":3,\"name\":\"Ma m\\u00e9fiance envers Fran\\u00e7ois Bayrou\",\"previousItem\":{\"@type\":\"ListItem\",\"@id\":\"https:\\\/\\\/largeur.com\\\/?cat=6#listItem\",\"name\":\"GLOCAL\"}}]},{\"@type\":\"Organization\",\"@id\":\"https:\\\/\\\/largeur.com\\\/#organization\",\"name\":\"Largeur.com\",\"url\":\"https:\\\/\\\/largeur.com\\\/\"},{\"@type\":\"Person\",\"@id\":\"https:\\\/\\\/largeur.com\\\/?author=26#author\",\"url\":\"https:\\\/\\\/largeur.com\\\/?author=26\",\"name\":\"G\\u00e9rard Delaloye\",\"image\":{\"@type\":\"ImageObject\",\"@id\":\"https:\\\/\\\/largeur.com\\\/?p=2300#authorImage\",\"url\":\"https:\\\/\\\/secure.gravatar.com\\\/avatar\\\/0fda9f1e6020d13d21216ca75f3c8101540d9fbc76557162c8957b730681a5c3?s=96&d=mm&r=g\",\"width\":96,\"height\":96,\"caption\":\"G\\u00e9rard Delaloye\"}},{\"@type\":\"WebPage\",\"@id\":\"https:\\\/\\\/largeur.com\\\/?p=2300#webpage\",\"url\":\"https:\\\/\\\/largeur.com\\\/?p=2300\",\"name\":\"Ma m\\u00e9fiance envers Fran\\u00e7ois Bayrou | Largeur.com\",\"inLanguage\":\"fr-FR\",\"isPartOf\":{\"@id\":\"https:\\\/\\\/largeur.com\\\/#website\"},\"breadcrumb\":{\"@id\":\"https:\\\/\\\/largeur.com\\\/?p=2300#breadcrumblist\"},\"author\":{\"@id\":\"https:\\\/\\\/largeur.com\\\/?author=26#author\"},\"creator\":{\"@id\":\"https:\\\/\\\/largeur.com\\\/?author=26#author\"},\"datePublished\":\"2007-03-18T00:00:00+01:00\",\"dateModified\":\"-0001-11-30T00:00:00+00:09\"},{\"@type\":\"WebSite\",\"@id\":\"https:\\\/\\\/largeur.com\\\/#website\",\"url\":\"https:\\\/\\\/largeur.com\\\/\",\"name\":\"Largeur.com\",\"inLanguage\":\"fr-FR\",\"publisher\":{\"@id\":\"https:\\\/\\\/largeur.com\\\/#organization\"}}]}\n\t\t<\/script>\n\t\t<!-- All in One SEO -->\n\n","aioseo_head_json":{"title":"Ma m\u00e9fiance envers Fran\u00e7ois Bayrou | Largeur.com","description":"","canonical_url":"https:\/\/largeur.com\/?p=2300","robots":"max-image-preview:large","keywords":"glocal","webmasterTools":{"miscellaneous":""},"schema":{"@context":"https:\/\/schema.org","@graph":[{"@type":"Article","@id":"https:\/\/largeur.com\/?p=2300#article","name":"Ma m\u00e9fiance envers Fran\u00e7ois Bayrou | Largeur.com","headline":"Ma m\u00e9fiance envers Fran\u00e7ois Bayrou","author":{"@id":"https:\/\/largeur.com\/?author=26#author"},"publisher":{"@id":"https:\/\/largeur.com\/#organization"},"datePublished":"2007-03-18T00:00:00+01:00","dateModified":"-0001-11-30T00:00:00+00:09","inLanguage":"fr-FR","mainEntityOfPage":{"@id":"https:\/\/largeur.com\/?p=2300#webpage"},"isPartOf":{"@id":"https:\/\/largeur.com\/?p=2300#webpage"},"articleSection":"GLOCAL"},{"@type":"BreadcrumbList","@id":"https:\/\/largeur.com\/?p=2300#breadcrumblist","itemListElement":[{"@type":"ListItem","@id":"https:\/\/largeur.com#listItem","position":1,"name":"Domicile","item":"https:\/\/largeur.com","nextItem":{"@type":"ListItem","@id":"https:\/\/largeur.com\/?cat=6#listItem","name":"GLOCAL"}},{"@type":"ListItem","@id":"https:\/\/largeur.com\/?cat=6#listItem","position":2,"name":"GLOCAL","item":"https:\/\/largeur.com\/?cat=6","nextItem":{"@type":"ListItem","@id":"https:\/\/largeur.com\/?p=2300#listItem","name":"Ma m\u00e9fiance envers Fran\u00e7ois Bayrou"},"previousItem":{"@type":"ListItem","@id":"https:\/\/largeur.com#listItem","name":"Domicile"}},{"@type":"ListItem","@id":"https:\/\/largeur.com\/?p=2300#listItem","position":3,"name":"Ma m\u00e9fiance envers Fran\u00e7ois Bayrou","previousItem":{"@type":"ListItem","@id":"https:\/\/largeur.com\/?cat=6#listItem","name":"GLOCAL"}}]},{"@type":"Organization","@id":"https:\/\/largeur.com\/#organization","name":"Largeur.com","url":"https:\/\/largeur.com\/"},{"@type":"Person","@id":"https:\/\/largeur.com\/?author=26#author","url":"https:\/\/largeur.com\/?author=26","name":"G\u00e9rard Delaloye","image":{"@type":"ImageObject","@id":"https:\/\/largeur.com\/?p=2300#authorImage","url":"https:\/\/secure.gravatar.com\/avatar\/0fda9f1e6020d13d21216ca75f3c8101540d9fbc76557162c8957b730681a5c3?s=96&d=mm&r=g","width":96,"height":96,"caption":"G\u00e9rard Delaloye"}},{"@type":"WebPage","@id":"https:\/\/largeur.com\/?p=2300#webpage","url":"https:\/\/largeur.com\/?p=2300","name":"Ma m\u00e9fiance envers Fran\u00e7ois Bayrou | Largeur.com","inLanguage":"fr-FR","isPartOf":{"@id":"https:\/\/largeur.com\/#website"},"breadcrumb":{"@id":"https:\/\/largeur.com\/?p=2300#breadcrumblist"},"author":{"@id":"https:\/\/largeur.com\/?author=26#author"},"creator":{"@id":"https:\/\/largeur.com\/?author=26#author"},"datePublished":"2007-03-18T00:00:00+01:00","dateModified":"-0001-11-30T00:00:00+00:09"},{"@type":"WebSite","@id":"https:\/\/largeur.com\/#website","url":"https:\/\/largeur.com\/","name":"Largeur.com","inLanguage":"fr-FR","publisher":{"@id":"https:\/\/largeur.com\/#organization"}}]},"og:locale":"fr_FR","og:site_name":"Largeur.com |","og:type":"article","og:title":"Ma m\u00e9fiance envers Fran\u00e7ois Bayrou | Largeur.com","og:url":"https:\/\/largeur.com\/?p=2300","article:published_time":"-001-11-30T00:00:00+00:00","article:modified_time":"-001-11-30T00:00:00+00:00","twitter:card":"summary_large_image","twitter:title":"Ma m\u00e9fiance envers Fran\u00e7ois Bayrou | Largeur.com"},"aioseo_meta_data":{"post_id":"2300","title":null,"description":null,"keywords":null,"keyphrases":null,"primary_term":null,"canonical_url":null,"og_title":null,"og_description":null,"og_object_type":"default","og_image_type":"default","og_image_url":null,"og_image_width":null,"og_image_height":null,"og_image_custom_url":null,"og_image_custom_fields":null,"og_video":null,"og_custom_url":null,"og_article_section":null,"og_article_tags":null,"twitter_use_og":false,"twitter_card":"default","twitter_image_type":"default","twitter_image_url":null,"twitter_image_custom_url":null,"twitter_image_custom_fields":null,"twitter_title":null,"twitter_description":null,"schema":{"blockGraphs":[],"customGraphs":[],"default":{"data":{"Article":[],"Course":[],"Dataset":[],"FAQPage":[],"Movie":[],"Person":[],"Product":[],"ProductReview":[],"Car":[],"Recipe":[],"Service":[],"SoftwareApplication":[],"WebPage":[]},"graphName":"","isEnabled":true},"graphs":[]},"schema_type":"default","schema_type_options":null,"pillar_content":false,"robots_default":true,"robots_noindex":false,"robots_noarchive":false,"robots_nosnippet":false,"robots_nofollow":false,"robots_noimageindex":false,"robots_noodp":false,"robots_notranslate":false,"robots_max_snippet":null,"robots_max_videopreview":null,"robots_max_imagepreview":"large","priority":null,"frequency":null,"local_seo":null,"breadcrumb_settings":null,"limit_modified_date":false,"ai":null,"created":"2024-03-28 17:36:25","updated":"2025-07-09 16:32:18","seo_analyzer_scan_date":null,"focus_keyword":null,"additional_keywords":null,"truseo_locale":null},"aioseo_breadcrumb":"<div class=\"aioseo-breadcrumbs\"><span class=\"aioseo-breadcrumb\">\n\t\t\t<a href=\"https:\/\/largeur.com\" title=\"Domicile\">Domicile<\/a>\n\t\t<\/span><span class=\"aioseo-breadcrumb-separator\">&raquo;<\/span><span class=\"aioseo-breadcrumb\">\n\t\t\t<a href=\"https:\/\/largeur.com\/?cat=6\" title=\"GLOCAL\">GLOCAL\r<\/a>\n\t\t<\/span><span class=\"aioseo-breadcrumb-separator\">&raquo;<\/span><span class=\"aioseo-breadcrumb\">\n\t\t\tMa m\u00e9fiance envers Fran\u00e7ois Bayrou\n\t\t<\/span><\/div>","aioseo_breadcrumb_json":[{"label":"Domicile","link":"https:\/\/largeur.com"},{"label":"GLOCAL\r","link":"https:\/\/largeur.com\/?cat=6"},{"label":"Ma m\u00e9fiance envers Fran\u00e7ois Bayrou","link":"https:\/\/largeur.com\/?p=2300"}],"_links":{"self":[{"href":"https:\/\/largeur.com\/index.php?rest_route=\/wp\/v2\/posts\/2300","targetHints":{"allow":["GET"]}}],"collection":[{"href":"https:\/\/largeur.com\/index.php?rest_route=\/wp\/v2\/posts"}],"about":[{"href":"https:\/\/largeur.com\/index.php?rest_route=\/wp\/v2\/types\/post"}],"author":[{"embeddable":true,"href":"https:\/\/largeur.com\/index.php?rest_route=\/wp\/v2\/users\/26"}],"replies":[{"embeddable":true,"href":"https:\/\/largeur.com\/index.php?rest_route=%2Fwp%2Fv2%2Fcomments&post=2300"}],"version-history":[{"count":0,"href":"https:\/\/largeur.com\/index.php?rest_route=\/wp\/v2\/posts\/2300\/revisions"}],"wp:attachment":[{"href":"https:\/\/largeur.com\/index.php?rest_route=%2Fwp%2Fv2%2Fmedia&parent=2300"}],"wp:term":[{"taxonomy":"category","embeddable":true,"href":"https:\/\/largeur.com\/index.php?rest_route=%2Fwp%2Fv2%2Fcategories&post=2300"},{"taxonomy":"post_tag","embeddable":true,"href":"https:\/\/largeur.com\/index.php?rest_route=%2Fwp%2Fv2%2Ftags&post=2300"}],"curies":[{"name":"wp","href":"https:\/\/api.w.org\/{rel}","templated":true}]}}