



{"id":2260,"date":"2007-01-22T00:00:00","date_gmt":"2007-01-21T23:00:00","guid":{"rendered":"http:\/\/www.largeur.com\/?p=2260"},"modified":"-0001-11-30T00:00:00","modified_gmt":"-0001-11-29T22:00:00","slug":"france","status":"publish","type":"post","link":"https:\/\/largeur.com\/?p=2260","title":{"rendered":"Des candidats \u00e0 la pr\u00e9sidentielle inspir\u00e9s par la Suisse"},"content":{"rendered":"<p>Ces jours-ci, la Suisse fait beaucoup parler d&rsquo;elle en France pour avoir offert l&rsquo;asile fiscal \u00e0 Johnny Hallyday. Les critiques pleuvent contre la Conf\u00e9d\u00e9ration, accus\u00e9e d&rsquo;offrir des conditions trop g\u00e9n\u00e9reuses \u00e0 la star hexagonale.<\/p>\n<p>La charge la plus r\u00e9cente est venue de la pr\u00e9tendante socialiste \u00e0 la pr\u00e9sidence S\u00e9gol\u00e8ne Royal, par l&rsquo;interm\u00e9diaire de son porte-parole Arnaud Montebourg. Parmi la quarantaine de candidats d\u00e9clar\u00e9s \u00e0 la pr\u00e9sidentielle, tous ne sont pas aussi cat\u00e9goriques. Trois d&rsquo;entre eux se distinguent m\u00eame par leur helv\u00e9tophilie.<\/p>\n<p>Le plus flamboyant, Jean-Philippe Allenbach, 59 ans, ne demande rien de moins que le rattachement de sa r\u00e9gion, la Franche-Comt\u00e9, \u00e0 la Suisse. Se pr\u00e9sentant comme le candidat de \u00abla province contre Paris\u00bb, le Franco-Suisse a \u00e9mis cette proposition d&rsquo;annexion volontaire en 2005 au lendemain du \u00abnon\u00bb fran\u00e7ais \u00e0 la Constitution europ\u00e9enne.<\/p>\n<p>\u00abQuitte \u00e0 rester \u00e0 l&rsquo;\u00e9cart de la construction europ\u00e9enne, autant choisir de vivre dans un pays au taux de ch\u00f4mage inf\u00e9rieur \u00e0 4% et au pouvoir d&rsquo;achat largement sup\u00e9rieur au n\u00f4tre\u00bb, justifie-t-il.<\/p>\n<p>Il estime que \u00absi les hasards de l&rsquo;histoire avaient fait de la Franche-Comt\u00e9 un canton suisse &#8212; comme Gen\u00e8ve qui ne s&rsquo;en est d&rsquo;ailleurs jamais plaint &#8211;, ses habitants vivraient mieux et son identit\u00e9 culturelle et politique serait bien mieux respect\u00e9e gr\u00e2ce au f\u00e9d\u00e9ralisme\u00bb.<\/p>\n<p>Les Suisses y trouveraient aussi leur compte. \u00abCela r\u00e9unifierait le Jura et r\u00e9\u00e9quilibrerait la Suisse romande par rapport aux Al\u00e9maniques. Nous avons beaucoup de points communs: les Francs-Comtois sont travailleurs, paient leurs imp\u00f4ts, parlent la m\u00eame langue et ont une industrie horlog\u00e8re. Ils se sentent plus proches de la mentalit\u00e9 du Jura que du Pays basque.\u00bb<\/p>\n<p>Sa proposition explosive va \u00eatre relay\u00e9e en ce d\u00e9but 2007 par la Ligue savoyarde et les ind\u00e9pendantistes alsaciens, qui ont d\u00e9cid\u00e9 de soutenir sa candidature.<\/p>\n<p>Pour ce ressortissant helv\u00e9tique, qui s&rsquo;\u00e9tait d\u00e9j\u00e0 fait remarquer en 1998 pour avoir diffus\u00e9 ill\u00e9galement Couleur 3 \u00e0 Besan\u00e7on sur un \u00e9metteur de fortune, l&rsquo;attachement \u00e0 la Suisse para\u00eet tout naturel: une grande partie de sa famille y r\u00e9side, son fr\u00e8re y \u00e9tant m\u00eame producteur de radio et t\u00e9l\u00e9vision. Lui-m\u00eame a v\u00e9cu plusieurs ann\u00e9es \u00e0 Zurich et a fond\u00e9 une soci\u00e9t\u00e9 de conseil financier bas\u00e9e \u00e0 Zoug.<\/p>\n<p>Et s&rsquo;il est peu probable que la Suisse soit pr\u00eate \u00e0 accueillir la Franche-Comt\u00e9 avec son 1,1 million d&rsquo;habitants et ses 16 000 kilom\u00e8tres carr\u00e9s repr\u00e9sentant un tiers de sa superficie, Jean-Philippe Allenbach dispose d&rsquo;un \u00aballi\u00e9\u00bb inattendu en la personne de Christoph Blocher.<\/p>\n<p>Lors de son discours \u00e0 l&rsquo;Albisg\u00fcetli en 2001, le futur conseiller f\u00e9d\u00e9ral avait en effet \u00e9voqu\u00e9 un rattachement \u00e0 la Suisse de certaines zones frontali\u00e8res. \u00abIl voulait dire que ces r\u00e9gions voisines, qui ne se sentent plus repr\u00e9sent\u00e9es par le centralisme de Bruxelles, pourraient bien un jour pr\u00e9f\u00e9rer notre f\u00e9d\u00e9ralisme \u00e0 l&rsquo;UE\u00bb, d\u00e9taille le conseiller national UDC Christoph M\u00f6rgeli.<\/p>\n<p>Malgr\u00e9 tout, Jean-Philippe Allenbach ne se consid\u00e8re pas comme un s\u00e9paratiste. \u00abJe n&rsquo;ai pas de haine visc\u00e9rale de la France, comme les nationalistes corses. Si elle change, je reste. J&rsquo;aime ce pays.\u00bb Le Franc-Comtois, qui dit se situer entre Daniel Cohn-Bendit (Vert) et Fran\u00e7ois Bayrou (centre) sur l&rsquo;\u00e9chiquier politique, a donc pour programme la cr\u00e9ation d&rsquo;une VIe R\u00e9publique f\u00e9d\u00e9raliste.<\/p>\n<p>Grand admirateur du Neuch\u00e2telois Denis de Rougemont, il d\u00e9nonce \u00able jacobinisme et le centralisme fran\u00e7ais, un syst\u00e8me d\u00e9pass\u00e9 qui ne marche plus et qui suscite une culture d&rsquo;irresponsabilit\u00e9 g\u00e9n\u00e9ralis\u00e9e\u00bb.<\/p>\n<p>A l&rsquo;inverse, \u00able f\u00e9d\u00e9ralisme suisse a fait ses preuves, tant au niveau de l&#8217;emploi, que du pouvoir d&rsquo;achat ou des salaires. A l&rsquo;heure de la mondialisation, les syst\u00e8mes qui marchent le mieux sont ceux o\u00f9 les choses se d\u00e9cident au plus bas.\u00bb Concr\u00e8tement, il souhaite voir deux tiers de l&rsquo;imp\u00f4t revenir aux r\u00e9gions, contre un tiers actuellement. De m\u00eame, il encense la concurrence fiscale helv\u00e9tique, celle-l\u00e0 m\u00eame qui a attir\u00e9 Johnny Hallyday.<\/p>\n<p>\u00abLe mythe de l&rsquo;\u00e9galit\u00e9 fran\u00e7aise suscite en fait de l&rsquo;in\u00e9galit\u00e9: les imp\u00f4ts \u00e9tant partout identiques, les entreprises pr\u00e9f\u00e8rent s&rsquo;installer \u00e0 Paris et des r\u00e9gions comme la Creuse se d\u00e9sertifient.\u00bb Le f\u00e9d\u00e9ralisme, il l&rsquo;imagine \u00e9galement au niveau europ\u00e9en: \u00abJe suis pour la cr\u00e9ation des Etats-Unis d&rsquo;Europe \u00e0 partir des six pays fondateurs, plus l&rsquo;Espagne et le Portugal.\u00bb<\/p>\n<p>Malgr\u00e9 cette foison de propositions, le cofondateur du Parti f\u00e9d\u00e9raliste fran\u00e7ais (PFF), qu&rsquo;il a quitt\u00e9 en 2006, n&rsquo;est pas dupe quant \u00e0 ses chances d&rsquo;acc\u00e9der \u00e0 la pr\u00e9sidence. \u00abJ&rsquo;ai 432 promesses de signatures de maires (il en faut 500 pour se pr\u00e9senter, ndlr), mais ce qui compte c&rsquo;est d&rsquo;obliger les autres candidats \u00e0 int\u00e9grer la d\u00e9centralisation dans leur programme. Ils ont d\u00e9j\u00e0 commenc\u00e9 \u00e0 voir qu&rsquo;il s&rsquo;agit d&rsquo;un cr\u00e9neau porteur: S\u00e9gol\u00e8ne Royal a annonc\u00e9 sa candidature depuis la province.\u00bb<\/p>\n<p>Deux autres candidats \u00e0 la pr\u00e9sidence revendiquent un h\u00e9ritage suisse. Christian Chavrier est l&rsquo;actuel pr\u00e9sident du PFF. Son programme, tr\u00e8s proche de celui de Jean-Philippe Allenbach, est l\u00e9g\u00e8rement plus mod\u00e9r\u00e9. \u00abIl s&rsquo;agit de sortir d&rsquo;une d\u00e9centralisation rat\u00e9e pour aller vers une r\u00e9gionalisation r\u00e9ussie, en s&rsquo;inspirant de ce qui fonctionne en Suisse, comme la d\u00e9mocratie directe, mais sans copier son f\u00e9d\u00e9ralisme\u00bb, explique le Fran\u00e7ais de 41 ans.<\/p>\n<p>Contrairement \u00e0 son ancien coll\u00e8gue de parti, il dit \u00abne pas remettre en question la souverainet\u00e9 fran\u00e7aise\u00bb et ne pas avoir de vis\u00e9es s\u00e9paratistes. Il estime ses chances de figurer au premier tour minces, malgr\u00e9 ses 349 promesses de signatures. \u00abJe laisserai ma trace politique dans le pays en ancrant la question f\u00e9d\u00e9raliste dans le d\u00e9bat pr\u00e9sidentiel.\u00bb<\/p>\n<p>Autre candidature, plus fantaisiste, celle d&rsquo;Yvan Bachaud, 67 ans. Ce dentiste retrait\u00e9, qui se d\u00e9crit lui-m\u00eame comme un \u00abjusticier monomaniaque\u00bb, milite pour l&rsquo;introduction d&rsquo;un droit d&rsquo;initiative et le r\u00e9f\u00e9rendum populaire en France.<\/p>\n<p>\u00abTous les partis politiques le promettent depuis 13 ans, Jacques Chirac l&rsquo;avait m\u00eame inscrit dans sa profession de foi au second tour en 2002. Mais aucun ne l&rsquo;a fait. C&rsquo;est grave!\u00bb s&rsquo;insurge le Lyonnais. Il ne conna\u00eet la Suisse qu&rsquo;\u00e0 travers une amie et la lecture de ses journaux mais admire son syst\u00e8me politique, qui a permis au peuple de refuser la privatisation de l&rsquo;\u00e9lectricit\u00e9 ou de r\u00e9clamer un moratoire sur les OGM.<\/p>\n<p>\u00abLe peuple fran\u00e7ais, lui, n&rsquo;a aucun moyen de s&rsquo;exprimer. Le r\u00e9f\u00e9rendum est le seul outil qui permette aux gens de r\u00e9agir si les promesses du pouvoir ne sont pas tenues.\u00bb<\/p>\n<p>Ses chances de r\u00e9colter suffisamment de signatures sont minimes: \u00abSur 500 demandes, je n&rsquo;ai re\u00e7u que cinq r\u00e9ponses, toutes n\u00e9gatives.\u00bb Yvan Bachaud appelle tout de m\u00eame \u00e0 voter pour lui aux deux tours. \u00abCe sera un vote protestataire!\u00bb Quand la Suisse sert de mod\u00e8le aux r\u00e9volutionnaires&#8230; <\/p>\n","protected":false},"excerpt":{"rendered":"<p>Plusieurs pr\u00e9tendants \u00e0 l&rsquo;Elys\u00e9e voient dans le syst\u00e8me suisse un mod\u00e8le pour l&rsquo;Hexagone. Portraits.<\/p>\n","protected":false},"author":19062,"featured_media":0,"comment_status":"open","ping_status":"","sticky":false,"template":"","format":"standard","meta":{"footnotes":""},"categories":[6],"tags":[],"class_list":["post-2260","post","type-post","status-publish","format-standard","hentry","category-glocal","glocal"],"aioseo_notices":[],"_links":{"self":[{"href":"https:\/\/largeur.com\/index.php?rest_route=\/wp\/v2\/posts\/2260","targetHints":{"allow":["GET"]}}],"collection":[{"href":"https:\/\/largeur.com\/index.php?rest_route=\/wp\/v2\/posts"}],"about":[{"href":"https:\/\/largeur.com\/index.php?rest_route=\/wp\/v2\/types\/post"}],"author":[{"embeddable":true,"href":"https:\/\/largeur.com\/index.php?rest_route=\/wp\/v2\/users\/19062"}],"replies":[{"embeddable":true,"href":"https:\/\/largeur.com\/index.php?rest_route=%2Fwp%2Fv2%2Fcomments&post=2260"}],"version-history":[{"count":0,"href":"https:\/\/largeur.com\/index.php?rest_route=\/wp\/v2\/posts\/2260\/revisions"}],"wp:attachment":[{"href":"https:\/\/largeur.com\/index.php?rest_route=%2Fwp%2Fv2%2Fmedia&parent=2260"}],"wp:term":[{"taxonomy":"category","embeddable":true,"href":"https:\/\/largeur.com\/index.php?rest_route=%2Fwp%2Fv2%2Fcategories&post=2260"},{"taxonomy":"post_tag","embeddable":true,"href":"https:\/\/largeur.com\/index.php?rest_route=%2Fwp%2Fv2%2Ftags&post=2260"}],"curies":[{"name":"wp","href":"https:\/\/api.w.org\/{rel}","templated":true}]}}