



{"id":2178,"date":"2006-09-26T00:00:00","date_gmt":"2006-09-25T22:00:00","guid":{"rendered":"http:\/\/www.largeur.com\/?p=2178"},"modified":"-0001-11-30T00:00:00","modified_gmt":"-0001-11-29T22:00:00","slug":"look","status":"publish","type":"post","link":"https:\/\/largeur.com\/?p=2178","title":{"rendered":"Pourquoi les barbes repoussent"},"content":{"rendered":"<p>Longtemps consid\u00e9r\u00e9e comme une marque d&rsquo;aust\u00e9rit\u00e9, de n\u00e9gligence ou, pire, de ringardise ultime, la barbe conna\u00eet depuis peu un regain d&rsquo;int\u00e9r\u00eat. De plus en plus de personnalit\u00e9s du monde artistique ou culturel l&rsquo;arborent sans aucun complexe.<\/p>\n<p>C&rsquo;est le cas de l&rsquo;\u00e9crivain et chroniqueur litt\u00e9raire Fr\u00e9d\u00e9ric Beigbeder, qui pr\u00e9sente depuis la rentr\u00e9e son nouveau look sur Canal Plus, ou du tr\u00e8s \u00e9l\u00e9gant nouveau directeur de la cr\u00e9ation chez Yves Saint Laurent, le Milanais Stefano Pilati. Le ph\u00e9nom\u00e8ne envahit aussi la musique et le sport, \u00e0 l&rsquo;image du rappeur fran\u00e7ais Cuizinier ou du tennisman chypriote Marcos Baghdatis.<\/p>\n<p>\u00abDans les milieux professionnels qui n&rsquo;imposent pas un dress code strict, beaucoup d&rsquo;hommes \u00e9prouvent une r\u00e9action \u00e9pidermique face \u00e0 la cravate et \u00e0 ce qu&rsquo;elle repr\u00e9sente, explique Nick F. Cerutti, designer et ancien enseignant \u00e0 la Haute Ecole d&rsquo;arts appliqu\u00e9s de Gen\u00e8ve. En Suisse, plus particuli\u00e8rement, je pense que l&rsquo;on vit dans l&rsquo;angoisse de ressembler \u00e0 l&rsquo;analyste financier al\u00e9manique ras\u00e9 de pr\u00e8s.\u00bb Selon lui, la barbe redonnerait \u00e0 celui qui la porte un moyen de personnaliser son image, encore davantage que par le choix de ses habits.<\/p>\n<p>Le patron de Novartis, Daniel Vasella, avait, on s&rsquo;en souvient, surpris l&rsquo;univers tr\u00e8s conventionnel des affaires en se pr\u00e9sentant un matin avec une barbe grise jug\u00e9e tr\u00e8s d\u00e9contract\u00e9e. Certains trentenaires voient en revanche dans le poil le moyen d&rsquo;acqu\u00e9rir un surcro\u00eet de s\u00e9rieux et de maturit\u00e9. Coordinateur des expositions au Centre d&rsquo;art contemporain Gen\u00e8ve, Denis Pernet, 32 ans, a ainsi d\u00e9cid\u00e9 de se faire pousser la barbe lors de l&rsquo;obtention de son nouveau poste, \u00abafin de para\u00eetre plus vieux et de gagner en cr\u00e9dibilit\u00e9\u00bb.<\/p>\n<p>Pour Gregory Chapuisat, artiste romand de 34 ans, qui expose actuellement \u00e0 la galerie Lucy Mackintosh, la motivation \u00e9tait sensiblement la m\u00eame. \u00abRas\u00e9, j&rsquo;ai un visage tr\u00e8s enfantin, raconte-t-il. Porter une barbe me vieillit et me donne plus d&rsquo;assurance en moi. En outre, je constate que j&rsquo;attire ainsi l&rsquo;attention de femmes plus \u00e2g\u00e9es et pos\u00e9es, ce qui me convient parfaitement.\u00bb<\/p>\n<p>Mais, aussi sauvage soit-elle, la barbe demande un minimum d&rsquo;entretien et, parfois m\u00eame, le savoir-faire d&rsquo;un professionnel.<\/p>\n<p>\u00abDe plus en plus de jeunes viennent se faire tailler la barbe chez moi, se r\u00e9jouit le barbier lausannois Jean-Pierre Pache, qui constate une nette croissance de sa client\u00e8le. Beaucoup ont tout simplement remarqu\u00e9 qu&rsquo;il \u00e9tait difficile de maintenir une certaine sym\u00e9trie par leur propres moyens, surtout lorsqu&rsquo;ils portent de fins colliers ou un bouc.\u00bb<\/p>\n<p>Jug\u00e9e trop rigide, la moustache ne conna\u00eet pas le m\u00eame engouement. M\u00eame des inconditionnels comme les conseillers f\u00e9d\u00e9raux Samuel Schmid et Moritz Leuenberger semblent l&rsquo;avoir d\u00e9finitivement abandonn\u00e9e.<\/p>\n<p>\u00abCoup\u00e9e de fa\u00e7on identique, la barbe aura toujours une autre brillance, une autre teinte que chez le voisin, ajoute Nick F. Cerutti. La cultiver comporte en outre un aspect fun, voire kitsch, totalement assum\u00e9.\u00bb<\/p>\n<p>Selon lui, l&rsquo;actuelle g\u00e9n\u00e9ration de trentenaires chercherait ainsi \u00e0 revenir \u00e0 l&rsquo;insouciance des seventies, en empruntant ses codes visuels et capillaires. \u00abMais, ajoute-t-il, le retour du poil auquel nous assistons aujourd&rsquo;hui n&rsquo;est pas une r\u00e9bellion contre l&rsquo;ordre \u00e9tabli: l&rsquo;id\u00e9e ma\u00eetresse est le second degr\u00e9 et la c\u00e9l\u00e9bration du moi.\u00bb<\/p>\n","protected":false},"excerpt":{"rendered":"<p>Moyen d&rsquo;acqu\u00e9rir de la maturit\u00e9 ou d&rsquo;affirmer sa libert\u00e9, le poil au menton marque un retour en force. Portraits de nouveaux barbus.<\/p>\n","protected":false},"author":18920,"featured_media":0,"comment_status":"open","ping_status":"","sticky":false,"template":"","format":"standard","meta":{"footnotes":""},"categories":[5],"tags":[],"class_list":["post-2178","post","type-post","status-publish","format-standard","hentry","category-latitude","latitude"],"aioseo_notices":[],"_links":{"self":[{"href":"https:\/\/largeur.com\/index.php?rest_route=\/wp\/v2\/posts\/2178","targetHints":{"allow":["GET"]}}],"collection":[{"href":"https:\/\/largeur.com\/index.php?rest_route=\/wp\/v2\/posts"}],"about":[{"href":"https:\/\/largeur.com\/index.php?rest_route=\/wp\/v2\/types\/post"}],"author":[{"embeddable":true,"href":"https:\/\/largeur.com\/index.php?rest_route=\/wp\/v2\/users\/18920"}],"replies":[{"embeddable":true,"href":"https:\/\/largeur.com\/index.php?rest_route=%2Fwp%2Fv2%2Fcomments&post=2178"}],"version-history":[{"count":0,"href":"https:\/\/largeur.com\/index.php?rest_route=\/wp\/v2\/posts\/2178\/revisions"}],"wp:attachment":[{"href":"https:\/\/largeur.com\/index.php?rest_route=%2Fwp%2Fv2%2Fmedia&parent=2178"}],"wp:term":[{"taxonomy":"category","embeddable":true,"href":"https:\/\/largeur.com\/index.php?rest_route=%2Fwp%2Fv2%2Fcategories&post=2178"},{"taxonomy":"post_tag","embeddable":true,"href":"https:\/\/largeur.com\/index.php?rest_route=%2Fwp%2Fv2%2Ftags&post=2178"}],"curies":[{"name":"wp","href":"https:\/\/api.w.org\/{rel}","templated":true}]}}