



{"id":2030,"date":"2006-02-20T00:00:00","date_gmt":"2006-02-19T23:00:00","guid":{"rendered":"http:\/\/www.largeur.com\/?p=2030"},"modified":"-0001-11-30T00:00:00","modified_gmt":"-0001-11-29T22:00:00","slug":"cantons","status":"publish","type":"post","link":"https:\/\/largeur.com\/?p=2030","title":{"rendered":"Une Suisse b\u00e2tie sur des clich\u00e9s"},"content":{"rendered":"<p>Les Genevois? De grandes gueules. Les Vaudois? Des ind\u00e9cis perp\u00e9tuels. Les Zurichois? Arrogants, bien s\u00fbr. Les Appenzellois? Des r\u00e9actionnaires et m\u00eame pire: des petits r\u00e9actionnaires&#8230; <\/p>\n<p>La liste est longue des st\u00e9r\u00e9otypes que chacun des 26 cantons et demi-cantons trimballe comme une fatalit\u00e9 de g\u00e9n\u00e9ration en g\u00e9n\u00e9ration. Les Suisses sont toujours plus mobiles, ils franchissent en permanence des fronti\u00e8res cantonales qui ont tendance \u00e0 s&rsquo;estomper, mais les clich\u00e9s, eux, demeurent. Pourquoi?<\/p>\n<p>On peut commencer par se rassurer: la manie de d\u00e9nigrer son voisin n&rsquo;a rien de typiquement suisse. \u00abLes st\u00e9r\u00e9otypes sont une n\u00e9cessit\u00e9 de tout groupe humain, constate J\u00e9r\u00f4me Rossier. Ils permettent de se d\u00e9finir soi-m\u00eame et de cat\u00e9goriser les autres de mani\u00e8re simple et pratique.\u00bb Ce professeur de l&rsquo;Institut de psychologie de l&rsquo;Universit\u00e9 de Lausanne a particip\u00e9 avec son \u00e9quipe \u00e0 une \u00e9tude mondiale sur les st\u00e9r\u00e9otypes nationaux, publi\u00e9e dans la revue Science en octobre 2005.<\/p>\n<p>Les r\u00e9sultats de cette \u00e9tude \u00e9clairent ce que l&rsquo;on peut constater dans les relations entre les cantons. A commencer par le fait que les st\u00e9r\u00e9otypes ne naissent pas au hasard. Au contraire, ils se construisent selon des processus r\u00e9currents. Il y a d&rsquo;abord la g\u00e9n\u00e9ralisation, qui part d&rsquo;un \u00e9v\u00e9nement historique ou d&rsquo;un fait divers retentissant, parfois d&rsquo;exp\u00e9riences plus individuelles.<\/p>\n<p>Il y a ensuite la comparaison, qui porte surtout sur les coutumes ou les valeurs respectives. Enfin, pour se constituer v\u00e9ritablement, le st\u00e9r\u00e9otype doit \u00eatre repris et amplifi\u00e9. Cela se fait parfois de mani\u00e8re quasi institutionnelle (m\u00e9dias, \u00e9ducation), mais le plus souvent \u00e0 travers des canaux plus informels comme les plaisanteries ou le ou\u00ef-dire.<\/p>\n<p>Prenez le st\u00e9r\u00e9otype du canton de Berne. Voil\u00e0 un canton patricien, de tradition paysanne, r\u00e9put\u00e9 pour sa lenteur et sa lourdeur, \u00e0 l&rsquo;image de l&rsquo;ours qui le symbolise. Ce clich\u00e9 a trouv\u00e9 une nouvelle actualit\u00e9 au moment o\u00f9 le canton a abrit\u00e9 la capitale f\u00e9d\u00e9rale et une bonne partie de l&rsquo;administration: le fonctionnaire n&rsquo;est r\u00e9put\u00e9 ni pour sa rapidit\u00e9, ni pour son agilit\u00e9&#8230;<\/p>\n<p>A Gen\u00e8ve \u00e9galement, on constate une forme de r\u00e9actualisation du st\u00e9r\u00e9otype: la cit\u00e9-Etat qui a toujours lutt\u00e9 pour son ind\u00e9pendance, d\u00e9tentrice d&rsquo;une sup\u00e9riorit\u00e9 morale calviniste qui a rayonn\u00e9 sur une partie de l&rsquo;Europe, est aujourd&rsquo;hui une des principales villes internationales, abritant le deuxi\u00e8me si\u00e8ge de l&rsquo;ONU: il y a l\u00e0 de quoi nourrir un ego bien dimensionn\u00e9.<\/p>\n<p>A l&rsquo;inverse de ces clich\u00e9s toujours verts, il en est d&rsquo;autres qui s&rsquo;\u00e9tiolent. Fribourg, par exemple, canton catholique, conservateur, pauvre et tr\u00e8s rural, nourrissait des st\u00e9r\u00e9otypes d&rsquo;une finesse relative qui faisaient du Fribourgeois un \u00eatre plus proche de la bouse que de l&rsquo;hygi\u00e8ne.<\/p>\n<p>Mais le d\u00e9veloppement fulgurant de ces deux derni\u00e8res d\u00e9cennies a cass\u00e9 cette image: \u00abOn n&rsquo;entend presque plus de blagues sur les Fribourgeois, constate l&rsquo;historien et conseiller national zougois Joseph Lang. Elles sont trop en d\u00e9calage avec la r\u00e9alit\u00e9 du canton.\u00bb<\/p>\n<p>Tiens, tiens. Le clich\u00e9 a donc un lien avec la r\u00e9alit\u00e9. Et comme elle, il peut \u00eatre mouvant. Les B\u00e2lois par exemple sont per\u00e7us positivement du c\u00f4t\u00e9 romand, qui voit en eux les plus latins des Al\u00e9maniques, alors qu&rsquo;ils agacent fonci\u00e8rement les Zurichois, aux yeux desquels ils ne sont que bourgeois mi\u00e8vres et sirupeux. Sans parler des moqueries lucernoises sur le carnaval de B\u00e2le, p\u00e2le r\u00e9plique protestante aux accents militaires d&rsquo;une exub\u00e9rante tradition catholique dont la Suisse centrale est l&rsquo;authentique championne.<\/p>\n<p>Qu&rsquo;on ne s&rsquo;\u00e9tonne pas enfin que le clich\u00e9 soit p\u00e9joratif. Il y a dans la vigueur de l&rsquo;attaque un hommage \u00e0 l&rsquo;identit\u00e9 d&rsquo;une r\u00e9gion. Plus le clich\u00e9 est agressif, plus il souligne une identit\u00e9 forte. \u00abLes cantons dont on ne fait pas de blagues sont des cantons fant\u00f4mes\u00bb, d\u00e9clarait non sans pertinence l&rsquo;ancien conseiller national zurichois Ernst M\u00fchlemann dans un article du Bund.<\/p>\n<p>Comme pour lui donner raison, le professeur J\u00e9r\u00f4me Rossier explique prudemment: \u00abLes st\u00e9r\u00e9otypes sont parfois porteurs d&rsquo;informations au sujet de certaines cultures, mais scientifiquement, leur fondement n&rsquo;est pas av\u00e9r\u00e9. On ne peut donc pas dire qu&rsquo;ils soient syst\u00e9matiquement justes, ni syst\u00e9matiquement faux.\u00bb Vous l&rsquo;aurez compris, J\u00e9r\u00f4me Rossier est Vaudois. CQFD.<\/p>\n<p>&#8212;&#8212;-<br \/>\n<b>Tour de Suisse des pr\u00e9jug\u00e9s cantonaux<\/b><\/p>\n<p><b>Argovie<\/b>  Le canton des autoroutes et des centrales nucl\u00e9aires. En Suisse al\u00e9manique, ses habitants passent pour les derniers des provinciaux. Prototype du Suisse moyen, l&rsquo;Argovien fait le m\u00e9pris du Zurichois, du Bernois et du B\u00e2lois. On dit qu&rsquo;il conduit tellement mal que le sigle AG de ses plaques signifierait \u00abAchtung Gefahr\u00bb, attention danger!<\/p>\n<p><b>Appenzell<\/b>  Le clich\u00e9 veut que les Appenzellois soient \u00e0 la taille de leurs deux demi-cantons: lilliputiens. Nains de jardin ultraconservateurs, d\u00e9mocrates phallocrates, traditionalistes \u00e0 boucles d&rsquo;oreille, consanguins repli\u00e9s sur eux-m\u00eames, ils seraient \u00e0 la Suisse ce qu&rsquo;elle est \u00e0 l&rsquo;Europe: un minuscule pays de montagnes verdoyantes qui produit du fromage. On appr\u00e9cie en revanche leur sens de l&rsquo;humour et leur farouche ind\u00e9pendance.<\/p>\n<p><b>B\u00e2le-Campagne<\/b>  Campagnards et paysans, les B\u00e2lois des champs sont consid\u00e9r\u00e9s par leurs cousins de la ville comme des profiteurs inv\u00e9t\u00e9r\u00e9s, qui utilisent leurs infrastructures urbaines sans en assumer les co\u00fbts.<\/p>\n<p><b>B\u00e2le-Ville<\/b>  Cultiv\u00e9s, raffin\u00e9s, latins, ouverts sur le monde, les patriciens de la cit\u00e9 rh\u00e9nane passent aussi pour des bour- geois mondains et condescendants. Leur rivalit\u00e9 \u00e9conomique et culturelle avec la Zurich arriviste est l\u00e9gendaire. Mais un m\u00e9pris r\u00e9ciproque et s\u00e9culaire r\u00e8gne \u00e9galement d&rsquo;un c\u00f4t\u00e9 \u00e0 l&rsquo;autre du Rhin entre le Grand-B\u00e2le bourgeois et le Petit-B\u00e2le des artisans.<\/p>\n<p><b>Berne<\/b>  La lenteur des Bernois est un sujet de raillerie dans toute la Suisse. Lourds et patauds comme les plantigrades qui donnent ses armes \u00e0 la ville, ils ont aussi le c\u00f4t\u00e9 sympathique et chaleureux du nounours. Ville \u00e0 la campagne, sa lenteur paysanne se nourrit \u00e9galement de celle des fonctionnaires f\u00e9d\u00e9raux. Engraiss\u00e9 aux subventions, le canton ferait preuve d&rsquo;un dynamisme apathique. R\u00e9ponse du berger \u00e0 la berg\u00e8re: \u00abSi nous sommes lents, c&rsquo;est pour que les Vaudois puissent nous suivre.\u00bb<\/p>\n<p><b>Fribourg<\/b>  Les Fribourgeois font l&rsquo;objet des plaisanteries les plus d\u00e9sobligeantes, aussi bien chez les Romands que les Al\u00e9maniques. On les dit sales et malodorants, attard\u00e9s, sous-d\u00e9velopp\u00e9s, conservateurs, bigots. Ramuz rapporte les propos d&rsquo;un paysan vaudois en terres fribourgeoises durant la guerre du Sonderbund (1847) qui trouvait d\u00e9j\u00e0 les fermes \u00abmal balay\u00e9es\u00bb. Rest\u00e9 au XIXe si\u00e8cle \u00abjusqu&rsquo;en 1960\u00bb, selon une formule consacr\u00e9e, Fribourg a connu un tel d\u00e9veloppement ces derni\u00e8res d\u00e9cennies que ces blagues ne font plus rire personne.<\/p>\n<p><b>Gen\u00e8ve<\/b>  \u00abIl y avait autrefois un zoo \u00e0 Gen\u00e8ve. On a d\u00fb le fermer car les crocodiles d\u00e9primaient de ne pas avoir la plus grande gueule.\u00bb Arrogants, hautains, donneurs de le\u00e7on, les h\u00e9ritiers de Calvin passent aussi pour coinc\u00e9s et avares. \u00abUn sucre ou aucun?\u00bb, demande la Genevoise de bonne famille quand elle offre une tasse de th\u00e9. Gen\u00e8ve s&rsquo;estime d&rsquo;une autre nature, elle consid\u00e8re, dit-on, que la Suisse commence du c\u00f4t\u00e9 de Nyon.<\/p>\n<p><b>Glaris<\/b>  Canton relativement obscur. A l&rsquo;ombre des montagnes qui l&rsquo;entourent, en marge d&rsquo;une Suisse centrale \u00e0 laquelle on l&rsquo;associe souvent, \u00e0 tort. Les Glaronais passent pour discrets, travailleurs et&#8230; invisibles!<\/p>\n<p><b>Grisons<\/b>  Dou\u00e9s pour les langues (ils parlent un charabia qu&rsquo;eux seuls comprennent, le romanche, quatri\u00e8me langue nationale et cinqui\u00e8me roue du char institutionnel helv\u00e9tique), les Grisons seraient habiles commer\u00e7ants et \u00e0 l&rsquo;aise partout dans le monde. Leurs p\u00e2tissiers expatri\u00e9s, drill\u00e9s aux viennoiseries de l&rsquo;Autriche toute proche, sont r\u00e9put\u00e9s de Barcelone \u00e0 Kiev. En revanche, on les dit proches de leurs sous.<\/p>\n<p><b>Jura<\/b>  Chauffards, f\u00eatards, rebelles, superstitieux, irresponsables, \u00e9thyliques, s\u00e9paratistes, t\u00eatus, sournois&#8230; Les clich\u00e9s v\u00e9hicul\u00e9s sur les Jurassiens sont aussi abondants que peu flatteurs. Honnis des Bernois mais proches des Neuch\u00e2telois du Haut, ils passent pour de bons vivants tr\u00e8s attach\u00e9s \u00e0 leur terre.<\/p>\n<p><b>Lucerne<\/b>  Aux yeux des cantons \u00e9loign\u00e9s, c&rsquo;est une charmante ville de carte postale. Pour ses proches voisins, Lucerne est per\u00e7ue comme autoritaire et arrogante. La \u00abZurich de Suisse centrale\u00bb entend donner le ton et dominer les autres cantons catholiques de la r\u00e9gion.<\/p>\n<p><b>Neuch\u00e2tel<\/b>  \u00abFin, fourbe et courtois, tel est le vrai Neuch\u00e2telois.\u00bb Voici comment les Vaudois jugent leurs voisins septentrionaux, rel\u00e8ve Jacques Chessex dans son Portrait des Vaudois. De leur ancienne appartenance \u00e0 la cour de Prusse, les habitants du canton horloger gardent un langage raffin\u00e9 et la certitude de parler le meilleur des fran\u00e7ais. Cela vaut surtout pour les aristocrates du Bas, le haut du canton passant pour un bastion prol\u00e9taire de gauche. Les deux parties du canton se m\u00e9prisent all\u00e8grement, dans un schisme lac\/montagne qui donne une image un peu floue du canton \u00e0 l&rsquo;ext\u00e9rieur.<\/p>\n<p><b>Nidwald\/Obwald<\/b>  Coeur de la Suisse centrale et de ses tares suppos\u00e9es, les deux demi-cantons d&rsquo;Unterwald seraient peupl\u00e9s de montagnards obtus, attard\u00e9s, reclus dans leurs vall\u00e9es, r\u00e9fractaires et Neinsager compulsifs. Obwald poss\u00e8de un revenu par habitant nettement inf\u00e9rieur \u00e0 la moyenne nationale. Longtemps enfer fiscal, le demi-canton vient de changer sa fiscalit\u00e9 pour se muer en paradis des entreprises et des hauts revenus. On dit les Nidwaldiens plus malins et habiles que leurs cousins.<\/p>\n<p><b>Saint-Gall<\/b>  Les Saint-Gallois passent pour les \u00abhas been\u00bb et les \u00abnouveaux pauvres\u00bb de Suisse: leur ancienne richesse industrielle due au textile est aujourd&rsquo;hui aussi trou\u00e9e qu&rsquo;une fragile dentelle. On se moque de leur accent oriental, si lent. L&rsquo;image pass\u00e9iste est renforc\u00e9e par une biblioth\u00e8que m\u00e9di\u00e9vale qui fut l&rsquo;une des plus fournies d&rsquo;Europe, \u00e0 l&rsquo;\u00e9poque, m\u00eame si l&rsquo;Universit\u00e9 de la ville forme l&rsquo;\u00e9lite \u00e9conomique et financi\u00e8re du pays. <\/p>\n<p><b>Schaffhouse<\/b>  Canton excentr\u00e9 et tellement proche de l&rsquo;Allemagne que les Am\u00e9ricains l&rsquo;ont bombard\u00e9 durant la Seconde Guerre mondiale. Les Schaffhousois passent pour \u00eatre un peu \u00e0 c\u00f4t\u00e9 de la plaque, et pas seulement g\u00e9ographiquement.<\/p>\n<p><b>Schwyz<\/b>  Le plus primitif des cantons primitifs, qui a donn\u00e9 au pays son nom et son drapeau. On lui doit aussi le couteau suisse (Victorinox est son plus gros employeur). Conservateurs purs et durs, Neinsager imbattables, catholiques dogmatiques, les Schwyzois ont tout pour s\u00e9duire la Suisse urbaine et moderne.<\/p>\n<p><b>Soleure<\/b>  Canton \u00e0 deux visages. La ville de Soleure, aristocratique, \u00abCit\u00e9 des ambassadeurs\u00bb alli\u00e9e \u00e0 la France absolutiste &#8211; avec tous les pr\u00e9jug\u00e9s d&rsquo;arrogance que l&rsquo;on peut imaginer, au point que le canton poss\u00e8de deux enclaves sur la fronti\u00e8re fran\u00e7aise, en plein territoire de B\u00e2le-Campagne. D&rsquo;autre part, Olten, la rebelle industrielle, populaire et gauchiste, qui a vu na\u00eetre les plus importants mouvements syndicalistes de Suisse et abrita la gr\u00e8ve g\u00e9n\u00e9rale de 1918. Olten est aussi r\u00e9put\u00e9e pour son brouillard end\u00e9mique.<\/p>\n<p><b>Thurgovie<\/b>  La blague la plus courte de Suisse al\u00e9manique: \u00abUn Thurgovien a achet\u00e9 un v\u00e9lo\u00bb, en dit long sur la r\u00e9putation de cleptomanes des Thurgoviens. Une pomme suisse sur deux vient de Thurgovie, ce qui vaut au canton le surnom de \u00abMostindien\u00bb, Indes du mo\u00fbt. Les Thurgoviens sont les Belges des Saint-Gallois. Canton d\u00e9pourvu de centre, o\u00f9 tout n&rsquo;est que province, la Thurgovie ne surmonte pas la d\u00e9ception que le lac de Constance ne s&rsquo;appelle pas lac de Kreuzlingen.<\/p>\n<p><b>Tessin<\/b>  Les charmes de l&rsquo;Italie, avec en plus la stabilit\u00e9 helv\u00e9tique. La v\u00e9randa de la Suisse al\u00e9manique (Sonnenstube) passe aussi pour une r\u00e9publique mafieuse, aux moeurs siciliennes. Le code de la route y est inconnu; la politique fantaisiste, extr\u00e9miste et client\u00e9liste.<\/p>\n<p><b>Uri<\/b>  Le canton de Guillaume Tell, c\u00e9l\u00e8bre pour sa t\u00e9nacit\u00e9 et son go\u00fbt de l&rsquo;ind\u00e9pendance. Combatifs, \u00e0 l&rsquo;image du taureau de leur \u00e9cusson, les 35 000 Uranais combattent tout pouvoir ext\u00e9rieur. Ils voient le bailli Gessler partout, \u00e0 Berne, \u00e0 Bruxelles, dont ils subissent la politique des transports. Le tunnel du Gothard, qui passe par leur vall\u00e9e, leur donne pourtant une ouverture sur le monde que n&rsquo;ont pas les autres cantons de Suisse centrale. L&rsquo;obstination des Uranais \u00e0 d\u00e9fendre leur espace vital force la sym-pathie. Ils rendraient la vie infernale au diable lui-m\u00eame.<\/p>\n<p><b>Vaud<\/b>  Les Al\u00e9maniques voient en eux l&rsquo;expression ultime du \u00abWelsch\u00bb: bon vivant, toujours pr\u00eat \u00e0 boire un coup et pas tr\u00e8s s\u00e9rieux. Les Genevois se rient du provincialisme des Vaudois. Pour avoir longtemps subi passivement le joug bernois, ils passent pour ind\u00e9cis et peu engag\u00e9s.<\/p>\n<p><b>Valais<\/b>  Ah, le bon vin du Valais! Ses habitants auraient une s\u00e9rieuse tendance \u00e0 abuser de la bouteille (on pr\u00e9tend m\u00eame qu&rsquo;ils mettent du schnaps dans les biberons de leurs b\u00e9b\u00e9s). De l&rsquo;Italie voisine, ils auraient appris l&rsquo;art des combines un peu douteuses.<\/p>\n<p><b>Zoug<\/b>  Le canton le plus riche de Suisse est connu pour ses bo\u00eetes aux lettres. Leur nombre exc\u00e8de largement celui des habitants de ce paradis fiscal. Du coup, ceux-ci passent pour des profiteurs et des \u00e9go\u00efstes. L&rsquo;assiduit\u00e9 de ses politiciens dans de multiples conseils d&rsquo;administration constitue un sujet de plaisanteries acerbes.<\/p>\n<p><b>Zurich<\/b> Last but not least. C&rsquo;est la plus grande ville du pays, mais en Suisse, on n&rsquo;aime pas les grands. La capitale \u00e9conomique se r\u00eave Unique, comme son a\u00e9roport. Quant aux Zurichois, nombrilistes, arrogants, affairistes et cyniques, ils sont aussi envi\u00e9s pour leur dynamisme et leur cr\u00e9ativit\u00e9. A moins que ce soit pour leur nombrilisme et leur arrogance.<\/p>\n","protected":false},"excerpt":{"rendered":"<p>Le tissu d&rsquo;id\u00e9es pr\u00e9con\u00e7ues nou\u00e9es entre les cantons s&rsquo;use mais ne rompt pas. Pourquoi le Zurichois reste-t-il arrogant et le Jurassien f\u00eatard? Ces clich\u00e9s, aussi pr\u00e9cieux que vains, aident \u00e0 vivre ensemble.<\/p>\n","protected":false},"author":19187,"featured_media":0,"comment_status":"open","ping_status":"","sticky":false,"template":"","format":"standard","meta":{"footnotes":""},"categories":[6],"tags":[],"class_list":["post-2030","post","type-post","status-publish","format-standard","hentry","category-glocal","glocal"],"aioseo_notices":[],"_links":{"self":[{"href":"https:\/\/largeur.com\/index.php?rest_route=\/wp\/v2\/posts\/2030","targetHints":{"allow":["GET"]}}],"collection":[{"href":"https:\/\/largeur.com\/index.php?rest_route=\/wp\/v2\/posts"}],"about":[{"href":"https:\/\/largeur.com\/index.php?rest_route=\/wp\/v2\/types\/post"}],"author":[{"embeddable":true,"href":"https:\/\/largeur.com\/index.php?rest_route=\/wp\/v2\/users\/19187"}],"replies":[{"embeddable":true,"href":"https:\/\/largeur.com\/index.php?rest_route=%2Fwp%2Fv2%2Fcomments&post=2030"}],"version-history":[{"count":0,"href":"https:\/\/largeur.com\/index.php?rest_route=\/wp\/v2\/posts\/2030\/revisions"}],"wp:attachment":[{"href":"https:\/\/largeur.com\/index.php?rest_route=%2Fwp%2Fv2%2Fmedia&parent=2030"}],"wp:term":[{"taxonomy":"category","embeddable":true,"href":"https:\/\/largeur.com\/index.php?rest_route=%2Fwp%2Fv2%2Fcategories&post=2030"},{"taxonomy":"post_tag","embeddable":true,"href":"https:\/\/largeur.com\/index.php?rest_route=%2Fwp%2Fv2%2Ftags&post=2030"}],"curies":[{"name":"wp","href":"https:\/\/api.w.org\/{rel}","templated":true}]}}