



{"id":2007,"date":"2006-01-17T00:00:00","date_gmt":"2006-01-16T23:00:00","guid":{"rendered":"http:\/\/www.largeur.com\/?p=2007"},"modified":"2017-07-12T11:30:42","modified_gmt":"2017-07-12T09:30:42","slug":"train","status":"publish","type":"post","link":"https:\/\/largeur.com\/?p=2007","title":{"rendered":"J\u2019ai \u00e9t\u00e9 confront\u00e9e \u00e0 un \u00abaccident de personne\u00bb"},"content":{"rendered":"<p>Un bruit bizarre. Un coup de frein. Le train s\u2019arr\u00eate. Livide, le m\u00e9canicien sort de sa cabine. Deux  \u00e0 trois longues minutes s\u2019\u00e9coulent. Le contr\u00f4leur annonce: \u00abPour cause d\u2019accident de personne, nous allons rester immobilis\u00e9s pour une dur\u00e9e ind\u00e9termin\u00e9e\u00bb. <\/p>\n<p>Le spectacle commence. Transform\u00e9e en \u00e9cran d\u2019un film d\u2019horreur, la fen\u00eatre voit d\u00e9filer voitures de police, ambulance, badauds et hommes en manteaux noirs. On s\u2019affaire \u00e0 l\u2019arri\u00e8re du convoi alors que le dessous de chaque wagon est minutieusement inspect\u00e9. <\/p>\n<p>A l\u2019int\u00e9rieur, les passagers jusqu\u2019ici peu bavards y vont de leurs commentaires: \u00abComment peut-on se supprimer par une belle journ\u00e9e pareille?\u00bb\u2026 \u00abMoi je devais absolument prendre la correspondance pour Berne \u00e0 Zurich. Ma r\u00e9union, je peux l\u2019oublier\u00bb\u2026 \u00abPour nous ce n\u2019est pas marrant, mais vous avez vu le conducteur, pour lui, c\u2019est encore autre chose\u00bb\u2026<\/p>\n<p>Un couple se demande si nous aurons droit \u00e0 un d\u00e9briefing \u00e0 notre arriv\u00e9e Coire\u2026 Enfin, timidement, une jeune femme nous demande que l\u2019on tienne compte de la pr\u00e9sence de sa petite fille. Retour au silence dans ce premier wagon du petit train rouge de la ligne St Moritz-Coire. <\/p>\n<p>Je viens de vivre mon premier \u00abaccident de personne\u00bb. Une formule utilis\u00e9e depuis quelques mois seulement par les CFF et reprise par d\u2019autres compagnies ferroviaires. Jusqu\u2019ici, lorsqu\u2019un train s\u2019immobilisait en rase compagne, on annon\u00e7ait un \u00abincident d\u2019exploitation\u00bb. Pourquoi ce changement de vocabulaire?<\/p>\n<p>\u00abIl faut appeler un chat un chat, explique Jacques Zulauff, <a href=http:\/\/mct.sbb.ch\/mct\/fr\/medien\/medien-kontakt.htm target=_blank class=std>porte-parole<\/a> des CFF pour la Suisse romande. En faisant passer les suicides pour des incidents d\u2019exploitation, nous passions pour des incomp\u00e9tents. Nous devions endosser la responsabilit\u00e9 de pannes qui n\u2019en \u00e9taient pas. Et puis, dans la soci\u00e9t\u00e9, on parle aussi plus facilement de ce sujet, d\u2019o\u00f9 notre nouvelle formule. Parler d\u2019\u00abaccident\u00bb tout court aurait pu trop inqui\u00e9ter, en faisant craindre un d\u00e9raillement. \u00abAccident de personne\u00bb convient mieux.\u00bb <\/p>\n<p>Si en Belgique, pr\u00e8s de 200 personnes ont tent\u00e9 en 2005 de se donner la mort en se jetant sous un train, soit <a href=http:\/\/be.altermedia.info\/socit\/nombre-record-de-tentatives-de-suicide-sous-les-trains_4002.html target=_blank class=std>10 \u00e0 15 fois plus qu\u2019en 2004<\/a>, en Suisse, les chiffres sont demeur\u00e9s tr\u00e8s stables ces derni\u00e8res ann\u00e9es. Soit une centaine de d\u00e9c\u00e8s par an (pour le r\u00e9seau CFF uniquement) et une trentaine de tentatives qui se soldent par des amputations ou blessures.<\/p>\n<p>\u00abJe suis conducteur de train et j\u2019ai \u00e9cras\u00e9 un type qui s\u2019\u00e9tais assis entre les rails, raconte un <a href=http:\/\/forum.hardware.fr\/hardwarefr\/Discussions\/Suicide-vous-rattache-encore-sujet-11004-3.htm target=_blank class=std>correspondant<\/a> de forum. Je peux certifier que taper un corps humain \u00e0 140 km\/h avec une rame de 400 tonnes, c\u2019est horrible. Tu vois le type \u00e0 200 m\u00e8tres, agenouill\u00e9, tu freines en urgence et tu sais qu\u2019il te faut 800 m\u00e8tres pour t\u2019arr\u00eater. Tu sais qu\u2019il va mourir et tu es simple spectateur. Il te regarde droit dans les yeux, tu gueules dans la cabine de conduite, \u00abc\u2019est pas vrai! le con! barre toi!\u00bb et l\u2019impact, il est pass\u00e9 dessous\u2026\u00bb <\/p>\n<p>Se jeter sous le train, c\u2019est plonger quantit\u00e9 de personnes dans le cauchemar. Andreas Gross s\u2019en est inqui\u00e9t\u00e9 devant le Conseil national par le biais d\u2019une <a href=http:\/\/www.bag.admin.ch\/gespol\/suizidpraevention\/f\/suizid_f.pdf target=_blank class=std>question<\/a> portant sur les cons\u00e9quences psychologiques chez les pilotes de locomotive et leurs familles. <\/p>\n<p>Lors de leur formation, les m\u00e9caniciens abordent le sujet \u00absuicide\u00bb, pr\u00e9cise Jacques Zulauff . Apr\u00e8s y avoir \u00e9t\u00e9 confront\u00e9, ils b\u00e9n\u00e9ficient d\u2019un soutien psychologique, ce qui n\u2019emp\u00eache pas des cas, bien que rares, d\u2019abandon du m\u00e9tier. C\u2019est que le hasard peut transformer certains en v\u00e9ritables collectionneurs, alors que d\u2019autres passent toute une carri\u00e8re sans avoir \u00e0 vivre ce traumatisme.<\/p>\n<p>Les usagers du rail le savent. Il n\u2019est pas de semaine qui ne connaisse d\u2019importants retards dus \u00e0 des accidents de ce genre. Gare de Bienne, mardi dernier. J\u2019attends un train qui arrivera avec du retard pour cause d\u2019\u00abaccident de personne\u00bb. Depuis mon v\u00e9cu grison, une telle annonce r\u00e9sonne diff\u00e9remment dans ma t\u00eate\u2026<\/p>\n","protected":false},"excerpt":{"rendered":"<p>Lorsqu\u2019une personne s\u2019est jet\u00e9e sous un train, les CFF n\u2019annoncent plus un \u00abincident d\u2019exploitation\u00bb. Ils ont opt\u00e9 pour une formule plus correcte, l\u2019\u00abaccident de personne\u00bb. Comme Genevi\u00e8ve Grimm-Gobat, tout voyageur peut en vivre un. T\u00e9moignage.<\/p>\n","protected":false},"author":375,"featured_media":0,"comment_status":"open","ping_status":"open","sticky":false,"template":"","format":"standard","meta":{"footnotes":""},"categories":[5],"tags":[1298],"class_list":["post-2007","post","type-post","status-publish","format-standard","hentry","category-latitude","tag-chroniques","latitude"],"aioseo_notices":[],"_links":{"self":[{"href":"https:\/\/largeur.com\/index.php?rest_route=\/wp\/v2\/posts\/2007","targetHints":{"allow":["GET"]}}],"collection":[{"href":"https:\/\/largeur.com\/index.php?rest_route=\/wp\/v2\/posts"}],"about":[{"href":"https:\/\/largeur.com\/index.php?rest_route=\/wp\/v2\/types\/post"}],"author":[{"embeddable":true,"href":"https:\/\/largeur.com\/index.php?rest_route=\/wp\/v2\/users\/375"}],"replies":[{"embeddable":true,"href":"https:\/\/largeur.com\/index.php?rest_route=%2Fwp%2Fv2%2Fcomments&post=2007"}],"version-history":[{"count":1,"href":"https:\/\/largeur.com\/index.php?rest_route=\/wp\/v2\/posts\/2007\/revisions"}],"predecessor-version":[{"id":5808,"href":"https:\/\/largeur.com\/index.php?rest_route=\/wp\/v2\/posts\/2007\/revisions\/5808"}],"wp:attachment":[{"href":"https:\/\/largeur.com\/index.php?rest_route=%2Fwp%2Fv2%2Fmedia&parent=2007"}],"wp:term":[{"taxonomy":"category","embeddable":true,"href":"https:\/\/largeur.com\/index.php?rest_route=%2Fwp%2Fv2%2Fcategories&post=2007"},{"taxonomy":"post_tag","embeddable":true,"href":"https:\/\/largeur.com\/index.php?rest_route=%2Fwp%2Fv2%2Ftags&post=2007"}],"curies":[{"name":"wp","href":"https:\/\/api.w.org\/{rel}","templated":true}]}}