



{"id":14698,"date":"2024-01-02T23:55:07","date_gmt":"2024-01-02T22:55:07","guid":{"rendered":"https:\/\/largeur.com\/?p=14698"},"modified":"2024-01-02T14:57:28","modified_gmt":"2024-01-02T13:57:28","slug":"pme-6","status":"publish","type":"post","link":"https:\/\/largeur.com\/?p=14698","title":{"rendered":"Glacier Optics: les lunettes de montagne locales"},"content":{"rendered":"<p>Une version de cet article r\u00e9alis\u00e9 par Large Network est parue dans\u00a0<a href=\"https:\/\/www.pme.ch\/\" rel=\"noopener noreferrer\">PME<\/a>.<\/p>\n<p>_______<\/p>\n<p>Install\u00e9e \u00e0 Morges (VD), l\u2019entreprise Glacier Optics, cr\u00e9\u00e9e par Arnaud Cottet et Beno\u00eet Goncerut, a un cr\u00e9do: que leurs lunettes de glacier soient produites au plus proche de leur lieu d\u2019utilisation. Les montures sont ainsi fabriqu\u00e9es dans la r\u00e9gion d\u2019Oyonnax en France voisine, ou dans les Dolomites en Italie. Les verres sont \u00e9labor\u00e9s par Carl Zeiss Vision en Lombardie, le cuir tann\u00e9 \u00e0 Steffisburg (BE) et travaill\u00e9 \u00e0 St-L\u00e9gier (VD). \u00abTravailler avec des usines chinoises aurait \u00e9t\u00e9 contraire \u00e0 notre logique.\u00bb<\/p>\n<p>N\u00e9e en 2020, apr\u00e8s une campagne de financement participatif durant laquelle les deux Vaudois ont r\u00e9colt\u00e9 pr\u00e8s de 40\u2019000 francs, l\u2019entreprise cherche d\u00e9sormais \u00e0 \u00e9toffer son mod\u00e8le d\u2019affaire. En collaboration avec le centre d\u2019innovation AddiP\u00f4le de la Haute \u00e9cole vaudoise d\u2019ing\u00e9nierie et de gestion (HEIG-VD), elle travaille notamment \u00e0 int\u00e9grer l\u2019impression 3D dans sa cha\u00eene de production. \u00abNous cherchons \u00e0 nous distancer du mod\u00e8le industriel classique, qui g\u00e9n\u00e8re \u00e9norm\u00e9ment de surplus, tout en maintenant la cha\u00eene de valeur au niveau local.\u00bb En plus de faciliter la gestion des stocks, la technique permettrait de confectionner des pi\u00e8ces sur mesure.<\/p>\n<p>Les fondateurs \u2013 et seuls employ\u00e9s pour le moment \u2013 sont tous deux vid\u00e9astes. Beno\u00eet Goncerut, 37 ans s\u2019est notamment illustr\u00e9 par la r\u00e9alisation de documentaires \u00abPasse-moi les jumelles\u00bb co-produits avec la RTS. Arnaud Cottet, 38 ans, est quant \u00e0 lui un ancien skieur professionnel. Le duo f\u00e9ru de freeride a tr\u00e8s vite r\u00e9uni travail et passion. De la Russie \u00e0 l\u2019Afghanistan en passant par l\u2019Iran, ils parcourent les r\u00e9gions du monde non seulement pour sillonner les pentes enneig\u00e9es mais aussi pour filmer et documenter leurs aventures au plus pr\u00e8s des communaut\u00e9s locales. \u00abPuis nous avons ressenti le besoin de vivre notre passion autrement, en cr\u00e9ant non plus seulement du contenu virtuel mais un objet tangible et essentiel aux activit\u00e9s d\u2019altitude\u00bb, explique Arnaud Cottet.<\/p>\n<p>Parmi le mat\u00e9riel qu\u2019ils emportent avec eux lors de leurs p\u00e9riples, se trouvent de vieilles lunettes de montagne \u2013 caract\u00e9ris\u00e9es par leurs verres arrondis et leurs coques lat\u00e9rales en cuir \u2013 qu\u2019ils d\u00e9nichent dans leur grenier. \u00abLeur style vintage nous plaisait beaucoup, mais nous les avons mises \u00e0 rude \u00e9preuve et elles ont toutes fini par rendre l\u2019\u00e2me. L\u2019id\u00e9e de redonner vie \u00e0 ces vieux mod\u00e8les \u00e0 travers notre propre marque a alors \u00e9merg\u00e9.\u00bb<\/p>\n<p><img loading=\"lazy\" decoding=\"async\" class=\"alignnone size-full wp-image-14699\" src=\"https:\/\/largeur.com\/wp-content\/uploads\/2024\/01\/020123.jpg\" alt=\"\" width=\"469\" height=\"311\" srcset=\"https:\/\/largeur.com\/wp-content\/uploads\/2024\/01\/020123.jpg 469w, https:\/\/largeur.com\/wp-content\/uploads\/2024\/01\/020123-300x199.jpg 300w\" sizes=\"auto, (max-width: 469px) 100vw, 469px\" \/><\/p>\n<p>L\u2019occasion aussi de mettre \u00e0 profit les comp\u00e9tences acquises lors de leur master en entrepreneuriat \u00e0 la Haute \u00e9cole de gestion de Fribourg, o\u00f9 les deux cofondateurs se sont rencontr\u00e9s plusieurs ann\u00e9es auparavant. Guid\u00e9s par leur fibre entrepreneuriale, ils d\u00e9cident de se lancer en 2020. Pour la conception du produit, ils sont assist\u00e9s du designer vaudois Christophe Guberan et collaborent \u00e9troitement avec leurs partenaires.<\/p>\n<p>En vente directe ou chez des d\u00e9taillants en Suisse et dans les pays limitrophes, l\u2019entreprise \u00e9coule ses 300 premi\u00e8res paires d\u00e8s 2020. En 2023, leurs ventes d\u00e9passeront les 1\u2019500 unit\u00e9s. \u00abLe design est inspir\u00e9 des mod\u00e8les d\u2019\u00e9poque, mais les montures en titane, un mat\u00e9riau \u00e0 la fois solide et l\u00e9ger, garantissent un confort digne des pi\u00e8ces contemporaines\u00bb, indique Arnaud Cottet.<\/p>\n<p>Disponibles dans les cat\u00e9gories les plus \u00e9lev\u00e9es de protection solaire (indices 3\u00a0et\u00a04), les verres sont adapt\u00e9s aux expositions les plus extr\u00eames. Les protections lat\u00e9rales en cuir prot\u00e8gent les yeux des reflets sur la neige alentour. Vendu 289 francs, leur mod\u00e8le unique, baptis\u00e9 \u00abMoiry\u00bb en r\u00e9f\u00e9rence au glacier valaisan, s\u2019adresse avant tout aux passionn\u00e9s de haute montagne.<\/p>\n<p>La formule s\u00e9duit non seulement les consommateurs mais aussi les commer\u00e7ants. \u00abActuellement, le march\u00e9 des lunettes de ski est domin\u00e9 par les grandes marques, mais beaucoup de d\u00e9taillants appr\u00e9cient de pouvoir collaborer avec des acteurs locaux. L\u2019accessibilit\u00e9 et la proximit\u00e9 sont deux atouts qui nous ont permis de d\u00e9crocher pr\u00e8s de 40 partenariats avec des revendeurs en Suisse.\u00bb \u00c0 l\u2019avenir, les fondateurs n\u2019excluent pas un d\u00e9veloppement \u00e0 l\u2019\u00e9tranger. \u00abSi nous parvenons \u00e0 p\u00e9renniser notre mod\u00e8le ici, nous envisagerons d\u2019ouvrir des unit\u00e9s de production locales sur d\u2019autres continents.\u00bb<\/p>\n","protected":false},"excerpt":{"rendered":"<p>La start-up vaudoise Glacier Optics fait le pari de fabriquer des lunettes de glacier enti\u00e8rement dans la r\u00e9gion alpine. Trois ans apr\u00e8s le lancement, les ventes d\u00e9passeront les 1500 unit\u00e9s cette ann\u00e9e.<\/p>\n","protected":false},"author":20293,"featured_media":14699,"comment_status":"closed","ping_status":"closed","sticky":false,"template":"","format":"standard","meta":{"footnotes":""},"categories":[4],"tags":[],"class_list":["post-14698","post","type-post","status-publish","format-standard","has-post-thumbnail","hentry","category-kapital","kapital"],"aioseo_notices":[],"_links":{"self":[{"href":"https:\/\/largeur.com\/index.php?rest_route=\/wp\/v2\/posts\/14698","targetHints":{"allow":["GET"]}}],"collection":[{"href":"https:\/\/largeur.com\/index.php?rest_route=\/wp\/v2\/posts"}],"about":[{"href":"https:\/\/largeur.com\/index.php?rest_route=\/wp\/v2\/types\/post"}],"author":[{"embeddable":true,"href":"https:\/\/largeur.com\/index.php?rest_route=\/wp\/v2\/users\/20293"}],"replies":[{"embeddable":true,"href":"https:\/\/largeur.com\/index.php?rest_route=%2Fwp%2Fv2%2Fcomments&post=14698"}],"version-history":[{"count":2,"href":"https:\/\/largeur.com\/index.php?rest_route=\/wp\/v2\/posts\/14698\/revisions"}],"predecessor-version":[{"id":14701,"href":"https:\/\/largeur.com\/index.php?rest_route=\/wp\/v2\/posts\/14698\/revisions\/14701"}],"wp:featuredmedia":[{"embeddable":true,"href":"https:\/\/largeur.com\/index.php?rest_route=\/wp\/v2\/media\/14699"}],"wp:attachment":[{"href":"https:\/\/largeur.com\/index.php?rest_route=%2Fwp%2Fv2%2Fmedia&parent=14698"}],"wp:term":[{"taxonomy":"category","embeddable":true,"href":"https:\/\/largeur.com\/index.php?rest_route=%2Fwp%2Fv2%2Fcategories&post=14698"},{"taxonomy":"post_tag","embeddable":true,"href":"https:\/\/largeur.com\/index.php?rest_route=%2Fwp%2Fv2%2Ftags&post=14698"}],"curies":[{"name":"wp","href":"https:\/\/api.w.org\/{rel}","templated":true}]}}