



{"id":14658,"date":"2023-12-14T22:29:40","date_gmt":"2023-12-14T21:29:40","guid":{"rendered":"https:\/\/largeur.com\/?p=14658"},"modified":"2023-12-14T11:01:26","modified_gmt":"2023-12-14T10:01:26","slug":"societe-96","status":"publish","type":"post","link":"https:\/\/largeur.com\/?p=14658","title":{"rendered":"\u00abSuissification\u00bb et les autres mots de d\u00e9cembre"},"content":{"rendered":"<p><span style=\"font-size: 12pt;\"><strong>Suissification<\/strong><\/span><\/p>\n<p><span style=\"font-size: 12pt;\">Au lendemain des derni\u00e8res \u00e9lections f\u00e9d\u00e9rales, outre-Sarine les commentaires convergeaient: la Romandie a subi une \u00abnormalisation\u00bb, une \u00absuissification\u00bb entra\u00eenant une quasi disparition du r\u00f6stigraben. Et de se r\u00e9jouir de cette nouvelle rassurante! Il n\u2019y aurait plus de clivage politique majeur entre les deux groupes linguistiques les plus importants du pays avec la Suisse romande r\u00e9duite \u00e0 une \u00abSuisse en miniature\u00bb. Dans un <a href=\"https:\/\/www.nzz.ch\/schweiz\/wo-ist-der-roestigraben-geblieben-ld.1763838\">article fouill\u00e9<\/a> paru dans la NZZ, le mot \u00e0 rallonge \u00abVer(deutsch)schweizerung\u00bb renvoie, avec la subtile mise entre parenth\u00e8ses de l\u2019adjectif \u00abdeutsch\u00bb, \u00e0 une forme de germanisation inh\u00e9rente \u00e0 cette \u00absuissification\u00bb en cours.\u00a0<\/span><\/p>\n<p><span style=\"font-size: 12pt;\">Pour les francophones qui s\u2019en inqui\u00e9teraient, soucieux de conserver leur sp\u00e9cificit\u00e9 culturelle, \u00e0 d\u00e9faut de r\u00f6stigraben, demeure le \u00abfoie gras graben\u00bb. La \u00absuissification\u00bb aura-t-elle un impact sur les habitudes culinaires des \u00e9picuriens de l\u2019ouest de la Suisse? R\u00e9ponse le soir de la future votation sur l\u2019initiative populaire visant \u00e0 interdire <a href=\"https:\/\/www.bk.admin.ch\/ch\/f\/pore\/vi\/vis529.html\">l\u2019importation de foie gras<\/a>.<\/span><\/p>\n<p><span style=\"font-size: 12pt;\"><strong>Tens\u00e9grit\u00e9 <\/strong><\/span><\/p>\n<p><span style=\"font-size: 12pt;\">Demain, des robots bip\u00e8des tr\u00e8s peu \u00e9nergivores pourraient voir le jour gr\u00e2ce \u00e0 l\u2019apport de la tens\u00e9grit\u00e9. Un mot d\u00e9riv\u00e9 de l\u2019anglais alliant les notions de tension et d\u2019int\u00e9grit\u00e9. Il d\u00e9signe la facult\u00e9 d\u2019une structure \u00e0 conserver son \u00e9quilibre par un jeu de tension et de compression. Un m\u00e9canisme d\u00e9j\u00e0 bien connu <a href=\"https:\/\/www.lajauneetlarouge.com\/structure-en-tensegrite-construction-dune-passerelle\/\">en architecture<\/a>, en math\u00e9matiques et en biologie.<\/span><\/p>\n<p><span style=\"font-size: 12pt;\">Sachant que quelque dix mille esp\u00e8ces d\u2019oiseaux dorment debout, des chercheurs ont \u00e9tudi\u00e9 ce qui rendait cela possible. Leur <a href=\"https:\/\/mecadev.cnrs.fr\/index.php?post\/2023\/11\/15\/dormir-debout-la-stabilite-posturale-des-oiseaux-devoilee\">conclusion<\/a>: \u00abC\u2019est la tens\u00e9grit\u00e9 qui permet \u00e0 l\u2019animal de rester stable avec un co\u00fbt \u00e9nerg\u00e9tique minimal, sans quasiment aucun effort musculaire gr\u00e2ce \u00e0 une tension passive.\u00bb<\/span><\/p>\n<p><span style=\"font-size: 12pt;\">Contrairement \u00e0 la bip\u00e9die des humains qui implique de se tenir droit, celle des oiseaux repose sur la flexion des membres inf\u00e9rieurs. Cette r\u00e9cente \u00e9tude a permis de d\u00e9couvrir que \u00abl\u2019\u00e9quivalent de quatre c\u00e2bles tendus entre leurs orteils et leur bassin sont tir\u00e9s par le poids du corps pour maintenir un \u00e9quilibre stable lorsque les oiseaux sont debout\u00bb.\u00a0Ce syst\u00e8me m\u00e9canique de tens\u00e9grit\u00e9 ouvre de nouvelles perspectives aux concepteurs de robots bip\u00e8des. Morale de l\u2019histoire: les mod\u00e8les andro\u00efdes ne sont pas toujours \u00e0 privil\u00e9gier.<\/span><\/p>\n<p><img loading=\"lazy\" decoding=\"async\" class=\"alignnone size-full wp-image-14660\" src=\"https:\/\/largeur.com\/wp-content\/uploads\/2023\/12\/image-de-jour_231214_Plan-de-travail-1-copie-9.jpg\" alt=\"\" width=\"1950\" height=\"1296\" srcset=\"https:\/\/largeur.com\/wp-content\/uploads\/2023\/12\/image-de-jour_231214_Plan-de-travail-1-copie-9.jpg 1950w, https:\/\/largeur.com\/wp-content\/uploads\/2023\/12\/image-de-jour_231214_Plan-de-travail-1-copie-9-300x199.jpg 300w, https:\/\/largeur.com\/wp-content\/uploads\/2023\/12\/image-de-jour_231214_Plan-de-travail-1-copie-9-1024x681.jpg 1024w, https:\/\/largeur.com\/wp-content\/uploads\/2023\/12\/image-de-jour_231214_Plan-de-travail-1-copie-9-768x510.jpg 768w, https:\/\/largeur.com\/wp-content\/uploads\/2023\/12\/image-de-jour_231214_Plan-de-travail-1-copie-9-1536x1021.jpg 1536w, https:\/\/largeur.com\/wp-content\/uploads\/2023\/12\/image-de-jour_231214_Plan-de-travail-1-copie-9-1320x877.jpg 1320w, https:\/\/largeur.com\/wp-content\/uploads\/2023\/12\/image-de-jour_231214_Plan-de-travail-1-copie-9-272x182.jpg 272w\" sizes=\"auto, (max-width: 1950px) 100vw, 1950px\" \/><\/p>\n<p><span style=\"font-size: 12pt;\"><strong>C\u00e9rumen<\/strong><\/span><\/p>\n<p><span style=\"font-size: 12pt;\">L\u2019ann\u00e9e 2023 marquera un moment charni\u00e8re pour le c\u00e9rumen avec deux annonces surprenantes. La <a href=\"https:\/\/www.20min.ch\/fr\/story\/les-oreilles-aussi-donnent-un-orgasme-580299396169\">premi\u00e8re<\/a>: on peut atteindre l\u2019orgasme en se d\u00e9barrassant avec un coton-tige de cette mati\u00e8re onctueuse s\u00e9cr\u00e9t\u00e9e par les glandes s\u00e9bac\u00e9es du conduit auditif externe. Un ph\u00e9nom\u00e8ne qui s\u2019expliquerait par la pr\u00e9sence d\u2019une branche du nerf vague dans l\u2019oreille. Dans la foul\u00e9e tombait la seconde annonce, enjoignant \u00e0 ne plus utiliser les cotons-tiges, ces joysticks, pour curer cette zone \u00e9rog\u00e8ne. Une pratique trop dangereuse, estiment les ORL, qui peut cr\u00e9er des bouchons de cire au lieu de la retirer, perforer le tympan ou provoquer des infections.<\/span><\/p>\n<p><span style=\"font-size: 12pt;\">Laissons donc le c\u00e9rumen tranquille! Son r\u00f4le consiste \u00e0 nettoyer l\u2019oreille et \u00e0 la prot\u00e9ger des bact\u00e9ries, des champignons, des insectes et m\u00eame de l\u2019eau. Nos oreilles ont cette capacit\u00e9 d\u2019\u00eatre autonettoyantes.<\/span><\/p>\n","protected":false},"excerpt":{"rendered":"<p>Le langage r\u00e9v\u00e8le l\u2019\u00e9poque. Notre chroniqueuse s\u2019interroge ce mois-ci sur l\u2019usage des termes \u00absuissification\u00bb, \u00abtens\u00e9grit\u00e9\u00bb et \u00abc\u00e9rumen\u00bb.<\/p>\n","protected":false},"author":375,"featured_media":14660,"comment_status":"closed","ping_status":"closed","sticky":false,"template":"","format":"standard","meta":{"footnotes":""},"categories":[5],"tags":[1298],"class_list":["post-14658","post","type-post","status-publish","format-standard","has-post-thumbnail","hentry","category-latitude","tag-chroniques","latitude"],"aioseo_notices":[],"_links":{"self":[{"href":"https:\/\/largeur.com\/index.php?rest_route=\/wp\/v2\/posts\/14658","targetHints":{"allow":["GET"]}}],"collection":[{"href":"https:\/\/largeur.com\/index.php?rest_route=\/wp\/v2\/posts"}],"about":[{"href":"https:\/\/largeur.com\/index.php?rest_route=\/wp\/v2\/types\/post"}],"author":[{"embeddable":true,"href":"https:\/\/largeur.com\/index.php?rest_route=\/wp\/v2\/users\/375"}],"replies":[{"embeddable":true,"href":"https:\/\/largeur.com\/index.php?rest_route=%2Fwp%2Fv2%2Fcomments&post=14658"}],"version-history":[{"count":3,"href":"https:\/\/largeur.com\/index.php?rest_route=\/wp\/v2\/posts\/14658\/revisions"}],"predecessor-version":[{"id":14662,"href":"https:\/\/largeur.com\/index.php?rest_route=\/wp\/v2\/posts\/14658\/revisions\/14662"}],"wp:featuredmedia":[{"embeddable":true,"href":"https:\/\/largeur.com\/index.php?rest_route=\/wp\/v2\/media\/14660"}],"wp:attachment":[{"href":"https:\/\/largeur.com\/index.php?rest_route=%2Fwp%2Fv2%2Fmedia&parent=14658"}],"wp:term":[{"taxonomy":"category","embeddable":true,"href":"https:\/\/largeur.com\/index.php?rest_route=%2Fwp%2Fv2%2Fcategories&post=14658"},{"taxonomy":"post_tag","embeddable":true,"href":"https:\/\/largeur.com\/index.php?rest_route=%2Fwp%2Fv2%2Ftags&post=14658"}],"curies":[{"name":"wp","href":"https:\/\/api.w.org\/{rel}","templated":true}]}}