



{"id":12262,"date":"2021-10-28T23:04:26","date_gmt":"2021-10-28T21:04:26","guid":{"rendered":"https:\/\/largeur.com\/?p=12262"},"modified":"2021-10-28T17:15:03","modified_gmt":"2021-10-28T15:15:03","slug":"portrait-28","status":"publish","type":"post","link":"https:\/\/largeur.com\/?p=12262","title":{"rendered":"Il prend la direction d\u2019un think tank influent en politique \u00e9trang\u00e8re"},"content":{"rendered":"<p>Bas\u00e9 \u00e0 Gen\u00e8ve et Zurich, le think tank Foraus s\u2019engage pour une politique \u00e9trang\u00e8re progressiste. Une mission \u00e9vidente pour\u00a0Darius\u00a0Forman, 28 ans, qui vient d\u2019en prendre la codirection. \u00abJ\u2019ai \u00e9t\u00e9 guid\u00e9, inconsciemment, par une force qui me vient de ma famille, des immigr\u00e9s iraniens dispers\u00e9s dans une demi-douzaine de pays, explique le natif de Lausanne. Le fait d\u2019aller rendre visite \u00e0 mes proches durant les vacances m\u2019a expos\u00e9 \u00e0 une alt\u00e9rit\u00e9, \u00e0 une diversit\u00e9. Je crois que c\u2019est ce qui m\u2019a donn\u00e9 envie de conna\u00eetre les sciences politiques, l\u2019\u00e9conomie, les relations internationales, et de comprendre comment on peut contribuer \u00e0 rendre notre monde meilleur, \u00e0 notre \u00e9chelle.\u00bb<\/p>\n<p>Si le jeune homme est fra\u00eechement arriv\u00e9 \u00e0 ce poste, il n\u2019est ni un bleu de la politique \u00e9trang\u00e8re, ni du Foraus. Cela fait six ans qu\u2019il y est impliqu\u00e9 b\u00e9n\u00e9volement au sein de l\u2019association, en tant qu\u2019\u00e9diteur du blog, responsable du programme th\u00e9matique sur l\u2019Europe, et comme vice-pr\u00e9sident. \u00abNotre organisation offre la possibilit\u00e9 \u00e0 ses membres de grandir et d\u2019\u00e9voluer au sein d\u2019une communaut\u00e9.\u00bb Auparavant, il a obtenu un bachelor en relations internationales \u00e0 Gen\u00e8ve, puis deux masters, l\u2019un \u00e0 l\u2019\u00c9cole polytechnique f\u00e9d\u00e9rale de Zurich et l\u2019autre au Coll\u00e8ge d\u2019Europe \u00e0 Bruges.<\/p>\n<p><img loading=\"lazy\" decoding=\"async\" class=\"alignnone size-full wp-image-12263\" src=\"https:\/\/largeur.com\/wp-content\/uploads\/2021\/10\/Largeur_thinktank.png\" alt=\"\" width=\"975\" height=\"648\" srcset=\"https:\/\/largeur.com\/wp-content\/uploads\/2021\/10\/Largeur_thinktank.png 975w, https:\/\/largeur.com\/wp-content\/uploads\/2021\/10\/Largeur_thinktank-300x199.png 300w, https:\/\/largeur.com\/wp-content\/uploads\/2021\/10\/Largeur_thinktank-768x510.png 768w, https:\/\/largeur.com\/wp-content\/uploads\/2021\/10\/Largeur_thinktank-272x182.png 272w\" sizes=\"auto, (max-width: 975px) 100vw, 975px\" \/><\/p>\n<p>Darius\u00a0Farman\u00a0partage avec l\u2019Al\u00e9manique Lukas Hupfer la responsabilit\u00e9 de l\u2019association, qui compte 15 collaborateurs, 110 b\u00e9n\u00e9voles et un budget avoisinant 1,5 million de francs. Le Romand mettra l\u2019accent sur la Gen\u00e8ve internationale. \u00abNous souhaitons renforcer notre pr\u00e9sence ici avec deux projets phares. Le Think Tank Hub cr\u00e9e une interface entre les fournisseurs de solutions que sont les think tanks et les d\u00e9cideurs pr\u00e9sents dans les ONG et organisations internationales bas\u00e9es \u00e0 Gen\u00e8ve.\u00bb<\/p>\n<p>Le Open Think Tank Network constitue le second grand projet. \u00abDes think tanks avec une approche similaire \u00e0 la n\u00f4tre, mettant en avant les id\u00e9es de jeunes ou de personnes en dehors du cercle parfois ferm\u00e9 de la diplomatie ou des instances officielles, existent dans plusieurs villes du monde. Nous faisons rencontrer nos b\u00e9n\u00e9voles et r\u00e9fl\u00e9chissons ensemble aux grands d\u00e9fis globaux, sur le climat ou les migrations par exemple.\u00bb Depuis ses d\u00e9buts en 2009, Foraus cultive un regard neuf, tant\u00f4t insolent et na\u00eff, tant\u00f4t expert et pointu. Un peu \u00e0 l\u2019image de son nouveau codirecteur.<\/p>\n<p>_______<\/p>\n<p>Une version de cet article r\u00e9alis\u00e9 par Large Network est parue dans la Tribune de Gen\u00e8ve.<\/p>\n","protected":false},"excerpt":{"rendered":"<p>Darius\u00a0Farman\u00a0codirige depuis le d\u00e9but du mois Foraus, un laboratoire d\u2019id\u00e9es suisse comptant 15 collaborateurs et 110 b\u00e9n\u00e9voles.<\/p>\n","protected":false},"author":20165,"featured_media":12263,"comment_status":"closed","ping_status":"closed","sticky":false,"template":"","format":"standard","meta":{"footnotes":""},"categories":[5],"tags":[],"class_list":["post-12262","post","type-post","status-publish","format-standard","has-post-thumbnail","hentry","category-latitude","latitude"],"aioseo_notices":[],"_links":{"self":[{"href":"https:\/\/largeur.com\/index.php?rest_route=\/wp\/v2\/posts\/12262","targetHints":{"allow":["GET"]}}],"collection":[{"href":"https:\/\/largeur.com\/index.php?rest_route=\/wp\/v2\/posts"}],"about":[{"href":"https:\/\/largeur.com\/index.php?rest_route=\/wp\/v2\/types\/post"}],"author":[{"embeddable":true,"href":"https:\/\/largeur.com\/index.php?rest_route=\/wp\/v2\/users\/20165"}],"replies":[{"embeddable":true,"href":"https:\/\/largeur.com\/index.php?rest_route=%2Fwp%2Fv2%2Fcomments&post=12262"}],"version-history":[{"count":1,"href":"https:\/\/largeur.com\/index.php?rest_route=\/wp\/v2\/posts\/12262\/revisions"}],"predecessor-version":[{"id":12264,"href":"https:\/\/largeur.com\/index.php?rest_route=\/wp\/v2\/posts\/12262\/revisions\/12264"}],"wp:featuredmedia":[{"embeddable":true,"href":"https:\/\/largeur.com\/index.php?rest_route=\/wp\/v2\/media\/12263"}],"wp:attachment":[{"href":"https:\/\/largeur.com\/index.php?rest_route=%2Fwp%2Fv2%2Fmedia&parent=12262"}],"wp:term":[{"taxonomy":"category","embeddable":true,"href":"https:\/\/largeur.com\/index.php?rest_route=%2Fwp%2Fv2%2Fcategories&post=12262"},{"taxonomy":"post_tag","embeddable":true,"href":"https:\/\/largeur.com\/index.php?rest_route=%2Fwp%2Fv2%2Ftags&post=12262"}],"curies":[{"name":"wp","href":"https:\/\/api.w.org\/{rel}","templated":true}]}}