



{"id":10988,"date":"2020-06-26T23:14:02","date_gmt":"2020-06-26T21:14:02","guid":{"rendered":"https:\/\/largeur.com\/?p=10988"},"modified":"2020-06-26T15:39:51","modified_gmt":"2020-06-26T13:39:51","slug":"suisse-557","status":"publish","type":"post","link":"https:\/\/largeur.com\/?p=10988","title":{"rendered":"Militant jusqu\u2019au bout des dents"},"content":{"rendered":"<p>La Conf\u00e9d\u00e9ration se rapprocherait-elle de la R\u00e9publique de Platon? Les philosophes, en tout cas, se profilent de plus en plus en tireurs de ficelles. Apr\u00e8s Gerhard Pfister \u00e0 la t\u00eate du PDC, voici un autre penseur qui prend les r\u00eanes d\u2019un grand parti. Certes, le Zurichois Balthasar Gl\u00e4ttli, 48 ans, \u00e9lu \u00e0 la pr\u00e9sidence des Verts suisses, n&rsquo;a pas termin\u00e9 son cursus universitaire, interrompu deux fois, la premi\u00e8re pour fonder une start-up, la seconde par son \u00e9lection au Conseil national. N&#8217;emp\u00eache, une coll\u00e8gue de parti le dit franchement: cet homme-l\u00e0 \u00abpense en rond\u00bb.<\/p>\n<p>Certes aussi, L\u00e9o Ferr\u00e9 d\u00e9j\u00e0 avait remarqu\u00e9 que \u00ables hommes qui pensent en rond ont les id\u00e9es courbes\u00bb. La m\u00eame bonne camarade en rajoute d\u2019ailleurs une couche sur la personnalit\u00e9 du nouveau boss: \u00aben s\u00e9ance, cela peut \u00eatre long, on voit qu&rsquo;il r\u00e9fl\u00e9chit au fur et \u00e0 mesure, mais quand il s&rsquo;exprime \u00e0 une tribune, il est absolument brillant\u00bb.<\/p>\n<p>Va donc pour brillant, avec peut-\u00eatre aussi une l\u00e9g\u00e8re tendance au masochisme, mais fa\u00e7on philosophe toujours, Balthasar avouant en effet \u00abaimer ce travail d&rsquo;abstraction que r\u00e9clame la pr\u00e9paration d&rsquo;une loi\u00bb.<\/p>\n<p>Ce qui ne l&#8217;emp\u00eache pas de garder les pieds sur terre, processus sans doute facilit\u00e9 par une paternit\u00e9 r\u00e9cente: \u00abavant, je parlais des g\u00e9n\u00e9rations \u00e0 venir, maintenant ,je sais de quoi je parle.\u00bb L&rsquo;homme tra\u00eene \u00e9galement une r\u00e9putation de \u00abdictionnaire ambulant\u00bb et le soup\u00e7on de ne jamais dormir.<\/p>\n<p>Il semblerait aussi que Balthasar Gl\u00e4ttli puisse apporter aux Verts une denr\u00e9e plut\u00f4t rare dans ce parti qui ne plaisante pas avec grand-chose: une modeste touche d&rsquo;humour. Exemple, \u00e0 propos de sa prise de pouvoir: \u00abJ&rsquo;ai beaucoup de d\u00e9fauts, je ne suis ni une femme, ni Romand. Mais personne d&rsquo;autre ne s&rsquo;est pr\u00e9sent\u00e9.\u00bb Ce qui ne l&#8217;emp\u00eache pas, contrairement \u00e0 tant d&rsquo;autres caciques al\u00e9maniques, d\u2019articuler un tr\u00e8s bon fran\u00e7ais.<\/p>\n<p><img loading=\"lazy\" decoding=\"async\" class=\"alignnone size-full wp-image-10993\" src=\"https:\/\/largeur.com\/wp-content\/uploads\/2020\/06\/Largeur_260620.jpg\" alt=\"\" width=\"468\" height=\"311\" srcset=\"https:\/\/largeur.com\/wp-content\/uploads\/2020\/06\/Largeur_260620.jpg 468w, https:\/\/largeur.com\/wp-content\/uploads\/2020\/06\/Largeur_260620-300x199.jpg 300w, https:\/\/largeur.com\/wp-content\/uploads\/2020\/06\/Largeur_260620-272x182.jpg 272w\" sizes=\"auto, (max-width: 468px) 100vw, 468px\" \/><\/p>\n<p>\u00c9videmment un Vert reste un Vert, c&rsquo;est-\u00e0-dire, comme le souligne d\u00e9licatement son coll\u00e8gue \u00e0 la commission des institutions politiques, l\u2019UDC Andreas Glarner \u00abun rouge, comme tous les \u00e9cologistes\u00bb. Le nouveau pr\u00e9sident se montre en tout cas le chaud partisan d&rsquo;une \u00e9cologie ambitieuse et qui voit loin: \u00abnotre but ultime n&rsquo;est pas de faire passer la loi sur le CO 2 mais de sortir des \u00e9nergies fossiles.\u00bb<\/p>\n<p>Balthasar Gl\u00e4ttli aime d&rsquo;ailleurs rappeler le cat\u00e9chisme de base: \u00abLes Verts sont le fruit de diff\u00e9rents mouvements autour de l&rsquo;\u00e9cologie, des droits des femmes, pour la paix, tiers-mondistes. J&rsquo;insiste pour que l&rsquo;on reste proche de ces mouvements.\u00bb En gros, militant jusqu\u2019au bout des dents.<\/p>\n<p>S\u2019agissant de son bilan de conseiller national, on notera qu&rsquo;il a \u00e9t\u00e9 le premier \u00e0 r\u00e9clamer une commission d&rsquo;enqu\u00eate parlementaire \u00e0 propos de l&rsquo;affaire d&rsquo;espionnage Crypto, qu\u2019il a d\u00e9fendu l&rsquo;introduction d&rsquo;une taxe sur les billets d&rsquo;avion et a beaucoup ferraill\u00e9 en faveur d\u2019une politique d&rsquo;asile g\u00e9n\u00e9reuse. Et qu\u2019avant le Conseil national, il a si\u00e9g\u00e9 au l\u00e9gislatif de la ville de Zurich, a \u00e9t\u00e9 aussi secr\u00e9taire politique de l&rsquo;ONG \u00abSolidarit\u00e9 sans fronti\u00e8res \u00bb et est toujours vice-pr\u00e9sident de l\u2019Asloca.<\/p>\n<p>Comme tout responsable vert, d\u00e9sormais son obsession, c&rsquo;est l&rsquo;accession d&rsquo;un \u00e9cologiste au Conseil f\u00e9d\u00e9ral: \u00abSi nous pouvions choisir nous prendrions un si\u00e8ge d\u00e8s demain.\u00bb Sans doute parce que, pour aujourd&rsquo;hui m\u00eame, cela faisait un peu court.<\/p>\n<p>Quand on lui demande s&rsquo;il serait pr\u00eat \u00e0 piquer un si\u00e8ge, y compris aux socialistes, lui le compagnon de la conseill\u00e8re nationale PS Min Li Marti se transforme aussit\u00f4t en rus\u00e9 j\u00e9suite, r\u00e9pondant d&rsquo;abord que les Verts \u00e9valueront leurs chances \u00ab\u00e0 chaque opportunit\u00e9 qui se pr\u00e9sentera\u00bb. Mais pour pr\u00e9ciser aussit\u00f4t que \u00able parti le plus surrepr\u00e9sent\u00e9 au Conseil f\u00e9d\u00e9ral reste le PLR\u00bb et que la 4<sup>e<\/sup> formation du pays \u00abce sont les Verts et non le PDC\u00bb. Bref, empoignades de philosophes en vue.<\/p>\n","protected":false},"excerpt":{"rendered":"<p>Le nouveau pr\u00e9sident des Verts suisses Balthasar Gl\u00e4ttli entend renouer avec les origines et la vigueur contestatrice de l\u2019\u00e9cologie politique.<\/p>\n","protected":false},"author":19223,"featured_media":10993,"comment_status":"closed","ping_status":"closed","sticky":false,"template":"","format":"standard","meta":{"footnotes":""},"categories":[6],"tags":[1298],"class_list":["post-10988","post","type-post","status-publish","format-standard","has-post-thumbnail","hentry","category-glocal","tag-chroniques","glocal"],"aioseo_notices":[],"_links":{"self":[{"href":"https:\/\/largeur.com\/index.php?rest_route=\/wp\/v2\/posts\/10988","targetHints":{"allow":["GET"]}}],"collection":[{"href":"https:\/\/largeur.com\/index.php?rest_route=\/wp\/v2\/posts"}],"about":[{"href":"https:\/\/largeur.com\/index.php?rest_route=\/wp\/v2\/types\/post"}],"author":[{"embeddable":true,"href":"https:\/\/largeur.com\/index.php?rest_route=\/wp\/v2\/users\/19223"}],"replies":[{"embeddable":true,"href":"https:\/\/largeur.com\/index.php?rest_route=%2Fwp%2Fv2%2Fcomments&post=10988"}],"version-history":[{"count":4,"href":"https:\/\/largeur.com\/index.php?rest_route=\/wp\/v2\/posts\/10988\/revisions"}],"predecessor-version":[{"id":10994,"href":"https:\/\/largeur.com\/index.php?rest_route=\/wp\/v2\/posts\/10988\/revisions\/10994"}],"wp:featuredmedia":[{"embeddable":true,"href":"https:\/\/largeur.com\/index.php?rest_route=\/wp\/v2\/media\/10993"}],"wp:attachment":[{"href":"https:\/\/largeur.com\/index.php?rest_route=%2Fwp%2Fv2%2Fmedia&parent=10988"}],"wp:term":[{"taxonomy":"category","embeddable":true,"href":"https:\/\/largeur.com\/index.php?rest_route=%2Fwp%2Fv2%2Fcategories&post=10988"},{"taxonomy":"post_tag","embeddable":true,"href":"https:\/\/largeur.com\/index.php?rest_route=%2Fwp%2Fv2%2Ftags&post=10988"}],"curies":[{"name":"wp","href":"https:\/\/api.w.org\/{rel}","templated":true}]}}